{"id":4077,"date":"2014-01-26T15:40:04","date_gmt":"2014-01-26T13:40:04","guid":{"rendered":"https:\/\/iminbokhylla.se\/?p=4077"},"modified":"2014-01-26T15:40:04","modified_gmt":"2014-01-26T13:40:04","slug":"30-inlagg-pa-30-dagar","status":"publish","type":"post","link":"https:\/\/iminbokhylla.se\/?p=4077","title":{"rendered":"30 inl\u00e4gg p\u00e5 30 dagar"},"content":{"rendered":"<p>Just nu l\u00e4gger jag min tid p\u00e5 att sitta vid anh\u00f6rigs sjukb\u00e4dd, d\u00e4rav tystnaden. Men vill f\u00f6rst\u00e5s inte f\u00f6rsvinna helt, s\u00e5 t\u00e4nkte g\u00f6ra som s\u00e5 m\u00e5nga andra bokbloggare g\u00f6r just nu, blogga enligt en 30-dagarslista. Ett blogginl\u00e4gg om dagen enligt f\u00f6ljande, helt enkelt:<\/p>\n<p>Dag 01 \u2013 B\u00e4sta boken du l\u00e4ste f\u00f6rra \u00e5ret<br \/>\nDag 02 \u2013 En bok som du har l\u00e4st mer \u00e4n tre g\u00e5nger<br \/>\nDag 03 \u2013 Din favoritserie<br \/>\nDag 04 \u2013 Favoritbok i din favoritserie<br \/>\nDag 05 \u2013 En bok som g\u00f6r dig glad<br \/>\nDag 06 \u2013 En bok som g\u00f6r dig ledsen<br \/>\nDag 07 \u2013 Den mest underskattade boken<br \/>\nDag 08 \u2013 Den mest \u00f6verskattade boken<br \/>\nDag 09 \u2013 En bok som du inte trodde att du skulle gilla men som du \u00e4lskade<br \/>\nDag 10 \u2013 Favoritklassiker<br \/>\nDag 11 \u2013 En bok som du hatade<br \/>\nDag 12 \u2013 En bok som du brukade \u00e4lska<br \/>\nDag 13 \u2013 Din favoritf\u00f6rfattare<br \/>\nDag 14 \u2013 Favoritbok av din favoritf\u00f6rfattare<br \/>\nDag 15 \u2013 Favoritkarakt\u00e4r: manlig<br \/>\nDag 16 \u2013 Favoritkarakt\u00e4r: kvinnlig<br \/>\nDag 17 \u2013 Favritcitat fr\u00e5n din favoritbok<br \/>\nDag 18 \u2013 En bok som gjorde dig besviken<br \/>\nDag 19 \u2013 En favoritbok som blev film<br \/>\nDag 20 \u2013 Den b\u00e4sta romantiska boken<br \/>\nDag 21 \u2013 Favoritbok fr\u00e5n din barndom<br \/>\nDag 22 \u2013 Den b\u00e4sta boken du \u00e4ger<br \/>\nDag 23 \u2013 En bok som du har velat l\u00e4sa en l\u00e4ngre tid<br \/>\nDag 24 \u2013 En bok som du \u00f6nskar att flera hade l\u00e4st<br \/>\nDag 25 \u2013 En karakt\u00e4r som du kan relatera dig sj\u00e4lv till<br \/>\nDag 26 \u2013 En bok som \u00e4ndrade din \u00e5sikt om n\u00e5got<br \/>\nDag 27 \u2013 Det konstigaste\/mest \u00f6verraskande handlingen\/slutet<br \/>\nDag 28 \u2013 Favorittitel<br \/>\nDag 29 \u2013 En bok som alla hatade men som du \u00e4lskade<br \/>\nDag 30 \u2013 Din favoritbok &#8211; always<\/p>\n","protected":false},"excerpt":{"rendered":"<p>Just nu l\u00e4gger jag min tid p\u00e5 att sitta vid anh\u00f6rigs sjukb\u00e4dd, d\u00e4rav tystnaden. Men vill f\u00f6rst\u00e5s inte f\u00f6rsvinna helt, s\u00e5 t\u00e4nkte g\u00f6ra som s\u00e5 m\u00e5nga andra bokbloggare g\u00f6r just nu, blogga enligt en 30-dagarslista. Ett blogginl\u00e4gg om dagen enligt f\u00f6ljande, helt enkelt: Dag 01 \u2013 B\u00e4sta boken du l\u00e4ste f\u00f6rra \u00e5ret Dag 02 \u2013 &hellip; <a href=\"https:\/\/iminbokhylla.se\/?p=4077\" class=\"more-link\">Forts\u00e4tt l\u00e4sa<span class=\"screen-reader-text\"> \u201d30 inl\u00e4gg p\u00e5 30 dagar\u201d<\/span><\/a><\/p>\n","protected":false},"author":1,"featured_media":0,"comment_status":"open","ping_status":"open","sticky":false,"template":"","format":"standard","meta":[],"categories":[4],"tags":[9],"featured_image_src":null,"featured_image_src_square":null,"author_info":{"display_name":"Josefine","author_link":"https:\/\/iminbokhylla.se\/?author=1"},"_links":{"self":[{"href":"https:\/\/iminbokhylla.se\/index.php?rest_route=\/wp\/v2\/posts\/4077"}],"collection":[{"href":"https:\/\/iminbokhylla.se\/index.php?rest_route=\/wp\/v2\/posts"}],"about":[{"href":"https:\/\/iminbokhylla.se\/index.php?rest_route=\/wp\/v2\/types\/post"}],"author":[{"embeddable":true,"href":"https:\/\/iminbokhylla.se\/index.php?rest_route=\/wp\/v2\/users\/1"}],"replies":[{"embeddable":true,"href":"https:\/\/iminbokhylla.se\/index.php?rest_route=%2Fwp%2Fv2%2Fcomments&post=4077"}],"version-history":[{"count":0,"href":"https:\/\/iminbokhylla.se\/index.php?rest_route=\/wp\/v2\/posts\/4077\/revisions"}],"wp:attachment":[{"href":"https:\/\/iminbokhylla.se\/index.php?rest_route=%2Fwp%2Fv2%2Fmedia&parent=4077"}],"wp:term":[{"taxonomy":"category","embeddable":true,"href":"https:\/\/iminbokhylla.se\/index.php?rest_route=%2Fwp%2Fv2%2Fcategories&post=4077"},{"taxonomy":"post_tag","embeddable":true,"href":"https:\/\/iminbokhylla.se\/index.php?rest_route=%2Fwp%2Fv2%2Ftags&post=4077"}],"curies":[{"name":"wp","href":"https:\/\/api.w.org\/{rel}","templated":true}]}}