{"id":4041,"date":"2014-01-01T11:39:06","date_gmt":"2014-01-01T09:39:06","guid":{"rendered":"https:\/\/iminbokhylla.se\/?p=4041"},"modified":"2013-12-30T10:43:17","modified_gmt":"2013-12-30T08:43:17","slug":"mitt-bokar-2013","status":"publish","type":"post","link":"https:\/\/iminbokhylla.se\/?p=4041","title":{"rendered":"Mitt bok\u00e5r 2013"},"content":{"rendered":"<p>Det \u00e4r nytt \u00e5r, och dags att sammanfatta 2013 \u00e5rs bokliv.<\/p>\n<p><strong>Antal l\u00e4sta b\u00f6cker<\/strong>: all time low sedan jag startade bloggen! 64 l\u00e4sta b\u00f6cker. Mot 91 \u00e5r 2012 och 112 \u00e5r 2011. Men 2011 l\u00e4ste jag 47 snabbl\u00e4sta flickb\u00f6cker, 2012 15 s\u00e5dana, och 2013 0. Klart att det p\u00e5verkar, liksom att vi har flyttat och renoverat i 8 m\u00e5nader. Men tr\u00e5kigt \u00e4r det i alla fall, \u00e4ven om jag egentligen r\u00e4knar det som godk\u00e4nt om jag n\u00e5r \u00f6ver 52 b\u00f6cker. <\/p>\n<p><strong>B\u00e4sta l\u00e4sning<\/strong>: n\u00e4r jag g\u00e5r igenom listan \u00f6ver \u00e5rets l\u00e4sta b\u00f6cker \u00e4r det inte m\u00e5nga som sticker ut och sl\u00e5ss om att f\u00e5 komma in p\u00e5 den h\u00e4r punkten. Men \u00e5rets b\u00e4sta l\u00e4sning var: Larma, sl\u00e4cka, r\u00e4dda i Roseng\u00e4dda av Emma Hamberg, 438 dagar av Johan Persson och Martin Schibbye samt Min mormor h\u00e4lsar och s\u00e4ger f\u00f6rl\u00e5t av Fredrik Backman.<\/p>\n<p><strong>\u00c5rets \u00f6verraskning<\/strong>: Hemligheten p\u00e5 Mercy Close av Marian Keyes. Tyv\u00e4rr \u00e4r \u00f6verraskningen att den var s\u00e5 tr\u00e5kig och rentav d\u00e5lig. Den h\u00f6ll verkligen inte Marian Keyesklass. <\/p>\n<p><strong>\u00c5rets extra omn\u00e4mnande<\/strong>: M\u00f6rdaren i folkhemmet av Lena Ebervall &#038; Per E Samuelson. Det h\u00e4r paret skriver sp\u00e4nnande, faktasp\u00e4ckat och intressant. <\/p>\n<p><strong>\u00c5rets s\u00e4msta<\/strong>: det k\u00e4nns on\u00f6digt att rabbla d\u00e5liga b\u00f6cker igen, men som jag skrev ovan, min l\u00e4sning har snarare best\u00e5tt av halvd\u00e5liga eller d\u00e5liga b\u00f6cker \u00e4n bra i \u00e5r.<\/p>\n<p><strong>\u00c5rets h\u00e4ndelse<\/strong>: Bokm\u00e4ssan f\u00f6rst\u00e5s, den \u00e4r ju sv\u00e5r att konkurrera med. <\/p>\n<p><strong>N\u00e4sta \u00e5r ser jag fram emot<\/strong>: Bokm\u00e4ssan, Bokresan och att renoveringen blir klar s\u00e5 jag f\u00e5r l\u00e4sro!<\/p>\n","protected":false},"excerpt":{"rendered":"<p>Det \u00e4r nytt \u00e5r, och dags att sammanfatta 2013 \u00e5rs bokliv. Antal l\u00e4sta b\u00f6cker: all time low sedan jag startade bloggen! 64 l\u00e4sta b\u00f6cker. Mot 91 \u00e5r 2012 och 112 \u00e5r 2011. Men 2011 l\u00e4ste jag 47 snabbl\u00e4sta flickb\u00f6cker, 2012 15 s\u00e5dana, och 2013 0. Klart att det p\u00e5verkar, liksom att vi har flyttat och &hellip; <a href=\"https:\/\/iminbokhylla.se\/?p=4041\" class=\"more-link\">Forts\u00e4tt l\u00e4sa<span class=\"screen-reader-text\"> \u201dMitt bok\u00e5r 2013\u201d<\/span><\/a><\/p>\n","protected":false},"author":1,"featured_media":0,"comment_status":"open","ping_status":"open","sticky":false,"template":"","format":"standard","meta":[],"categories":[4],"tags":[9],"featured_image_src":null,"featured_image_src_square":null,"author_info":{"display_name":"Josefine","author_link":"https:\/\/iminbokhylla.se\/?author=1"},"_links":{"self":[{"href":"https:\/\/iminbokhylla.se\/index.php?rest_route=\/wp\/v2\/posts\/4041"}],"collection":[{"href":"https:\/\/iminbokhylla.se\/index.php?rest_route=\/wp\/v2\/posts"}],"about":[{"href":"https:\/\/iminbokhylla.se\/index.php?rest_route=\/wp\/v2\/types\/post"}],"author":[{"embeddable":true,"href":"https:\/\/iminbokhylla.se\/index.php?rest_route=\/wp\/v2\/users\/1"}],"replies":[{"embeddable":true,"href":"https:\/\/iminbokhylla.se\/index.php?rest_route=%2Fwp%2Fv2%2Fcomments&post=4041"}],"version-history":[{"count":0,"href":"https:\/\/iminbokhylla.se\/index.php?rest_route=\/wp\/v2\/posts\/4041\/revisions"}],"wp:attachment":[{"href":"https:\/\/iminbokhylla.se\/index.php?rest_route=%2Fwp%2Fv2%2Fmedia&parent=4041"}],"wp:term":[{"taxonomy":"category","embeddable":true,"href":"https:\/\/iminbokhylla.se\/index.php?rest_route=%2Fwp%2Fv2%2Fcategories&post=4041"},{"taxonomy":"post_tag","embeddable":true,"href":"https:\/\/iminbokhylla.se\/index.php?rest_route=%2Fwp%2Fv2%2Ftags&post=4041"}],"curies":[{"name":"wp","href":"https:\/\/api.w.org\/{rel}","templated":true}]}}