{"id":3986,"date":"2013-12-02T13:00:37","date_gmt":"2013-12-02T11:00:37","guid":{"rendered":"https:\/\/iminbokhylla.se\/?p=3986"},"modified":"2013-11-30T08:02:45","modified_gmt":"2013-11-30T06:02:45","slug":"publicerad-1915-fortfarande-hogaktuell","status":"publish","type":"post","link":"https:\/\/iminbokhylla.se\/?p=3986","title":{"rendered":"Publicerad 1915 &#8211; fortfarande h\u00f6gaktuell"},"content":{"rendered":"<p><strong>Bok:<\/strong> F\u00f6rvandlingen<br \/>\n<strong>F\u00f6rfattare:<\/strong> Franz Kafka<br \/>\n<strong>\u00c5terber\u00e4ttare<\/strong>: Malin Lindroth<br \/>\n<strong>F\u00f6rlag:<\/strong> LL-f\u00f6rlaget<\/p>\n<p><em>Recensionsexemplar fr\u00e5n LL-f\u00f6rlaget<\/em><\/p>\n<p>V\u00e4rldslitteraturens b\u00e4sta novell, har den h\u00e4r kallats. Trots det har jag aldrig l\u00e4st Kafka tidigare. Men i somras n\u00e4r jag <a href=\"https:\/\/iminbokhylla.se\/?p=3592\">intervjuade LL-f\u00f6rlaget<\/a> fick jag med mig en bunt b\u00f6cker, och en av dem var F\u00f6rvandlingen. Jag har allts\u00e5 l\u00e4st den p\u00e5 l\u00e4ttl\u00e4st svenska. <\/p>\n<p>Gregor vaknar upp en morgon, inser att han har f\u00f6rsovit sig men kommer inte ur s\u00e4ngen. Han har f\u00f6rvandlats till en insekt. Som familjens (som best\u00e5r av Gregor, hans syster och deras f\u00f6r\u00e4ldrar) enda f\u00f6rs\u00f6rjare har Gregor enorma krav p\u00e5 sig och n\u00e4r han nu inte kan arbeta ses han snabbt som ohyra, \u00e4cklig och n\u00e5got som b\u00f6r gl\u00f6mmas bort, f\u00f6rsvinna och d\u00f6das. <\/p>\n<p><a href=\"https:\/\/iminbokhylla.se\/wp-content\/uploads\/2013\/11\/20131130-064513.jpg\"><img src=\"https:\/\/iminbokhylla.se\/wp-content\/uploads\/2013\/11\/20131130-064513.jpg\" alt=\"20131130-064513.jpg\" class=\"alignnone size-full\" \/><\/a><\/p>\n<p>Jo, det h\u00e4r &#8211; f\u00f6rst\u00e5s &#8211; j\u00e4ttebra. Historien publicerades 1915, men k\u00e4nns fortfarande h\u00f6gaktuell. Det finns s\u00e5 m\u00e5nga paralleller att dra; till rasism, m\u00e4nniskov\u00e4rde, hur mycket pengar betyder, hur viktigt en kan tycka att andra m\u00e4nniskors \u00e5sikter om en \u00e4r. Definitivt l\u00e4sv\u00e4rdig \u00e4n idag. <\/p>\n<p><img loading=\"lazy\" alt=\"betyg\" src=\"https:\/\/iminbokhylla.se\/betyg_4.png\" width=\"472\" height=\"99\" \/><\/p>\n","protected":false},"excerpt":{"rendered":"<p>Bok: F\u00f6rvandlingen F\u00f6rfattare: Franz Kafka \u00c5terber\u00e4ttare: Malin Lindroth F\u00f6rlag: LL-f\u00f6rlaget Recensionsexemplar fr\u00e5n LL-f\u00f6rlaget V\u00e4rldslitteraturens b\u00e4sta novell, har den h\u00e4r kallats. Trots det har jag aldrig l\u00e4st Kafka tidigare. Men i somras n\u00e4r jag intervjuade LL-f\u00f6rlaget fick jag med mig en bunt b\u00f6cker, och en av dem var F\u00f6rvandlingen. Jag har allts\u00e5 l\u00e4st den p\u00e5 l\u00e4ttl\u00e4st &hellip; <a href=\"https:\/\/iminbokhylla.se\/?p=3986\" class=\"more-link\">Forts\u00e4tt l\u00e4sa<span class=\"screen-reader-text\"> \u201dPublicerad 1915 &#8211; fortfarande h\u00f6gaktuell\u201d<\/span><\/a><\/p>\n","protected":false},"author":1,"featured_media":0,"comment_status":"open","ping_status":"open","sticky":false,"template":"","format":"standard","meta":[],"categories":[3],"tags":[9],"featured_image_src":null,"featured_image_src_square":null,"author_info":{"display_name":"Josefine","author_link":"https:\/\/iminbokhylla.se\/?author=1"},"_links":{"self":[{"href":"https:\/\/iminbokhylla.se\/index.php?rest_route=\/wp\/v2\/posts\/3986"}],"collection":[{"href":"https:\/\/iminbokhylla.se\/index.php?rest_route=\/wp\/v2\/posts"}],"about":[{"href":"https:\/\/iminbokhylla.se\/index.php?rest_route=\/wp\/v2\/types\/post"}],"author":[{"embeddable":true,"href":"https:\/\/iminbokhylla.se\/index.php?rest_route=\/wp\/v2\/users\/1"}],"replies":[{"embeddable":true,"href":"https:\/\/iminbokhylla.se\/index.php?rest_route=%2Fwp%2Fv2%2Fcomments&post=3986"}],"version-history":[{"count":0,"href":"https:\/\/iminbokhylla.se\/index.php?rest_route=\/wp\/v2\/posts\/3986\/revisions"}],"wp:attachment":[{"href":"https:\/\/iminbokhylla.se\/index.php?rest_route=%2Fwp%2Fv2%2Fmedia&parent=3986"}],"wp:term":[{"taxonomy":"category","embeddable":true,"href":"https:\/\/iminbokhylla.se\/index.php?rest_route=%2Fwp%2Fv2%2Fcategories&post=3986"},{"taxonomy":"post_tag","embeddable":true,"href":"https:\/\/iminbokhylla.se\/index.php?rest_route=%2Fwp%2Fv2%2Ftags&post=3986"}],"curies":[{"name":"wp","href":"https:\/\/api.w.org\/{rel}","templated":true}]}}