{"id":3935,"date":"2013-10-23T11:30:23","date_gmt":"2013-10-23T09:30:23","guid":{"rendered":"https:\/\/iminbokhylla.se\/?p=3935"},"modified":"2013-10-22T22:31:49","modified_gmt":"2013-10-22T20:31:49","slug":"ny-bokhylla-pa-gang","status":"publish","type":"post","link":"https:\/\/iminbokhylla.se\/?p=3935","title":{"rendered":"Ny bokhylla p\u00e5 g\u00e5ng"},"content":{"rendered":"<p>Vi flyttade i juli och b\u00f6rjade renovera i september. Det \u00e4r mycket kvar, men nu b\u00f6rjar vi n\u00e4rma oss det roliga projektet &#8221;Bygga bokhylla&#8221;. I f\u00f6rra l\u00e4genheten platsbyggde vi bokhylla och det g\u00f6r vi \u00e4ven h\u00e4r. F\u00f6r att f\u00e5 ut mesta m\u00f6jliga bokhylleutrymme med den takh\u00f6jd och alla vinklar och vr\u00e5r vi har funkar inte riktigt Ikeas Billy helt enkelt. <\/p>\n<p>Tanken \u00e4r att ha vita hyllplan uppstagade av m\u00f6rka balkar. Bild kommer f\u00f6rst\u00e5s n\u00e4r det \u00e4r klart (om flera veckor). <\/p>\n<p><em>Den f\u00f6rra bokhyllan<\/em><br \/>\n<a href=\"http:\/\/www.flickr.com\/photos\/granding\/6096517235\/\" title=\"Min bokhylla by Granding, on Flickr\"><img loading=\"lazy\" src=\"http:\/\/farm7.staticflickr.com\/6185\/6096517235_81a239f3d2.jpg\" width=\"500\" height=\"374\" alt=\"Min bokhylla\"><\/a><\/p>\n","protected":false},"excerpt":{"rendered":"<p>Vi flyttade i juli och b\u00f6rjade renovera i september. Det \u00e4r mycket kvar, men nu b\u00f6rjar vi n\u00e4rma oss det roliga projektet &#8221;Bygga bokhylla&#8221;. I f\u00f6rra l\u00e4genheten platsbyggde vi bokhylla och det g\u00f6r vi \u00e4ven h\u00e4r. F\u00f6r att f\u00e5 ut mesta m\u00f6jliga bokhylleutrymme med den takh\u00f6jd och alla vinklar och vr\u00e5r vi har funkar inte &hellip; <a href=\"https:\/\/iminbokhylla.se\/?p=3935\" class=\"more-link\">Forts\u00e4tt l\u00e4sa<span class=\"screen-reader-text\"> \u201dNy bokhylla p\u00e5 g\u00e5ng\u201d<\/span><\/a><\/p>\n","protected":false},"author":1,"featured_media":0,"comment_status":"open","ping_status":"open","sticky":false,"template":"","format":"standard","meta":[],"categories":[4],"tags":[9],"featured_image_src":null,"featured_image_src_square":null,"author_info":{"display_name":"Josefine","author_link":"https:\/\/iminbokhylla.se\/?author=1"},"_links":{"self":[{"href":"https:\/\/iminbokhylla.se\/index.php?rest_route=\/wp\/v2\/posts\/3935"}],"collection":[{"href":"https:\/\/iminbokhylla.se\/index.php?rest_route=\/wp\/v2\/posts"}],"about":[{"href":"https:\/\/iminbokhylla.se\/index.php?rest_route=\/wp\/v2\/types\/post"}],"author":[{"embeddable":true,"href":"https:\/\/iminbokhylla.se\/index.php?rest_route=\/wp\/v2\/users\/1"}],"replies":[{"embeddable":true,"href":"https:\/\/iminbokhylla.se\/index.php?rest_route=%2Fwp%2Fv2%2Fcomments&post=3935"}],"version-history":[{"count":0,"href":"https:\/\/iminbokhylla.se\/index.php?rest_route=\/wp\/v2\/posts\/3935\/revisions"}],"wp:attachment":[{"href":"https:\/\/iminbokhylla.se\/index.php?rest_route=%2Fwp%2Fv2%2Fmedia&parent=3935"}],"wp:term":[{"taxonomy":"category","embeddable":true,"href":"https:\/\/iminbokhylla.se\/index.php?rest_route=%2Fwp%2Fv2%2Fcategories&post=3935"},{"taxonomy":"post_tag","embeddable":true,"href":"https:\/\/iminbokhylla.se\/index.php?rest_route=%2Fwp%2Fv2%2Ftags&post=3935"}],"curies":[{"name":"wp","href":"https:\/\/api.w.org\/{rel}","templated":true}]}}