{"id":3927,"date":"2013-10-21T08:18:32","date_gmt":"2013-10-21T06:18:32","guid":{"rendered":"https:\/\/iminbokhylla.se\/?p=3927"},"modified":"2013-10-21T08:18:32","modified_gmt":"2013-10-21T06:18:32","slug":"tack-for-harlig-kvall-forma","status":"publish","type":"post","link":"https:\/\/iminbokhylla.se\/?p=3927","title":{"rendered":"Tack f\u00f6r h\u00e4rlig kv\u00e4ll, Forma!"},"content":{"rendered":"<p>I torsdags kv\u00e4ll h\u00e4ngde jag i R\u00f6da rummet p\u00e5 Berns. Det var bokf\u00f6rlagsgruppen Forma Books som hade bloggtr\u00e4ff p\u00e5 platsen med det passande namnet. Lite plockmat, dryck, umg\u00e4nge och s\u00e5 intervjuades n\u00e5gra av de mest aktuella f\u00f6rfattarna p\u00e5 scenen. <\/p>\n<p>Tack <a href=\"http:\/\/www.formabooks.se\">Forma Book<\/a>s f\u00f6r en h\u00e4rlig kv\u00e4ll! <\/p>\n<p><a href=\"http:\/\/www.flickr.com\/photos\/granding\/10331012863\/\" title=\"Bloggtr\u00e4ff med Forma p\u00e5 Berns by Granding, on Flickr\"><img loading=\"lazy\" src=\"http:\/\/farm4.staticflickr.com\/3815\/10331012863_60ec272ae8.jpg\" width=\"500\" height=\"500\" alt=\"Bloggtr\u00e4ff med Forma p\u00e5 Berns\"><\/a><\/p>\n","protected":false},"excerpt":{"rendered":"<p>I torsdags kv\u00e4ll h\u00e4ngde jag i R\u00f6da rummet p\u00e5 Berns. Det var bokf\u00f6rlagsgruppen Forma Books som hade bloggtr\u00e4ff p\u00e5 platsen med det passande namnet. Lite plockmat, dryck, umg\u00e4nge och s\u00e5 intervjuades n\u00e5gra av de mest aktuella f\u00f6rfattarna p\u00e5 scenen. Tack Forma Books f\u00f6r en h\u00e4rlig kv\u00e4ll!<\/p>\n","protected":false},"author":1,"featured_media":0,"comment_status":"open","ping_status":"open","sticky":false,"template":"","format":"standard","meta":[],"categories":[4],"tags":[],"featured_image_src":null,"featured_image_src_square":null,"author_info":{"display_name":"Josefine","author_link":"https:\/\/iminbokhylla.se\/?author=1"},"_links":{"self":[{"href":"https:\/\/iminbokhylla.se\/index.php?rest_route=\/wp\/v2\/posts\/3927"}],"collection":[{"href":"https:\/\/iminbokhylla.se\/index.php?rest_route=\/wp\/v2\/posts"}],"about":[{"href":"https:\/\/iminbokhylla.se\/index.php?rest_route=\/wp\/v2\/types\/post"}],"author":[{"embeddable":true,"href":"https:\/\/iminbokhylla.se\/index.php?rest_route=\/wp\/v2\/users\/1"}],"replies":[{"embeddable":true,"href":"https:\/\/iminbokhylla.se\/index.php?rest_route=%2Fwp%2Fv2%2Fcomments&post=3927"}],"version-history":[{"count":0,"href":"https:\/\/iminbokhylla.se\/index.php?rest_route=\/wp\/v2\/posts\/3927\/revisions"}],"wp:attachment":[{"href":"https:\/\/iminbokhylla.se\/index.php?rest_route=%2Fwp%2Fv2%2Fmedia&parent=3927"}],"wp:term":[{"taxonomy":"category","embeddable":true,"href":"https:\/\/iminbokhylla.se\/index.php?rest_route=%2Fwp%2Fv2%2Fcategories&post=3927"},{"taxonomy":"post_tag","embeddable":true,"href":"https:\/\/iminbokhylla.se\/index.php?rest_route=%2Fwp%2Fv2%2Ftags&post=3927"}],"curies":[{"name":"wp","href":"https:\/\/api.w.org\/{rel}","templated":true}]}}