{"id":3896,"date":"2013-09-29T16:53:18","date_gmt":"2013-09-29T14:53:18","guid":{"rendered":"https:\/\/iminbokhylla.se\/?p=3896"},"modified":"2013-09-29T17:50:14","modified_gmt":"2013-09-29T15:50:14","slug":"bokmassan-dag-4-fem-seminarier-och-en-bok","status":"publish","type":"post","link":"https:\/\/iminbokhylla.se\/?p=3896","title":{"rendered":"Bokm\u00e4ssan dag 4: fem seminarier och en bok"},"content":{"rendered":"<p>Fem seminarier och en k\u00f6pt bok blev Bokm\u00e4ssans sista dag.<\/p>\n<p><strong>Sagan om Isfolket &#8211; ljudbok p\u00e5 Storytel med Julia Dufvenius<\/strong><br \/>\nEn sommar n\u00e4r det var extra regnigt och myggigt p\u00e5 landet i H\u00e4rjedalen hittade jag morfars h\u00f6g med Sagan om Isfolket. Jag l\u00e4ste och fastnade och k\u00f6pte senare p\u00e5 mig \u00e4ven Sandemos tv\u00e5 uppf\u00f6ljarserier. Jag har inte l\u00e4st b\u00f6ckerna sedan dess, men lockades av seminariet. Och det var bra. En riktigt bra och proffsig intervjuare (fick dock aldrig koll p\u00e5 vem han var) ledde samtalet med sk\u00e5despelerskan Julia Dufvenius, som l\u00e4ser in Isfolket som ljudbok hos Storytel. <\/p>\n<p><strong>Lotta Brom\u00e9 och Lill-Babs pratar om sin bok Barbro<\/strong><br \/>\nLotta Brom\u00e9 och Lill-Babs har tagit fram en fotobok med kortare texter om Lill-Babs liv. Jag har aldrig lyssnat p\u00e5 Lill-Babs musik, men alltid gillat henne som person. Jag gillar henne inte mindre efter dagens seminarium. Bok ink\u00f6pt och v\u00e4ldigt fint signerat.  <\/p>\n<p><strong>Uppt\u00e4cksresan som livsprojekt<\/strong><br \/>\nBea Uusma \u00e4r illustrat\u00f6r, f\u00f6rfattare, l\u00e4kare och Andr\u00e9expeditionsexpert. Jag \u00e4r tyv\u00e4rr r\u00e4tt allergisk mot Andr\u00e9expeditionen efter att ha l\u00e4st Strindbergs stj\u00e4rna, en bok jag h\u00e5ller <a href=\"https:\/\/iminbokhylla.se\/?p=2146\">bland de absolut s\u00e4msta jag l\u00e4st.<\/a> Men f\u00f6ljde med sambon och tur var det. Bea brinner verkligen f\u00f6r \u00e4mnet och kan f\u00f6rmedla det. Ett av de b\u00e4sta seminarierna vi var p\u00e5 under m\u00e4ssan.<\/p>\n<p><a href=\"http:\/\/www.flickr.com\/photos\/granding\/9997344286\/\" title=\"Bea Uusma om Expeditionen #bokmassan by Granding, on Flickr\"><img loading=\"lazy\" src=\"http:\/\/farm8.staticflickr.com\/7327\/9997344286_21559ea09f.jpg\" width=\"500\" height=\"500\" alt=\"Bea Uusma om Expeditionen #bokmassan\"><\/a><\/p>\n<p><strong>Barnbruden med Anna Laestadius Larsson<\/strong><br \/>\nEtt seminarium vi fick &#8221;p\u00e5 k\u00f6pet&#8221; n\u00e4r vi v\u00e4ntade (sittpaus!) p\u00e5 n\u00e4sta snack. <\/p>\n<p><strong>Fr\u00e5n Holmes to Sherlock<\/strong><br \/>\nMattias Bostr\u00f6m \u00e4r en riktig \u00e4rken\u00f6rd inom flera omr\u00e5den, och stolt \u00f6ver det. Precis som det ska vara! Han anses som en av v\u00e4rldens (? Skandinaviens sa intervjuaren Fredrik Belfrage, men det l\u00e5ter inte r\u00e4tt) fr\u00e4mste experter p\u00e5 Sherlock Holmes. Han kan sitt \u00e4mne, han brinner f\u00f6r det, och han kan f\u00f6rmedla det. Bra avslutning p\u00e5 Bokm\u00e4ssan 2013!<\/p>\n","protected":false},"excerpt":{"rendered":"<p>Fem seminarier och en k\u00f6pt bok blev Bokm\u00e4ssans sista dag. Sagan om Isfolket &#8211; ljudbok p\u00e5 Storytel med Julia Dufvenius En sommar n\u00e4r det var extra regnigt och myggigt p\u00e5 landet i H\u00e4rjedalen hittade jag morfars h\u00f6g med Sagan om Isfolket. Jag l\u00e4ste och fastnade och k\u00f6pte senare p\u00e5 mig \u00e4ven Sandemos tv\u00e5 uppf\u00f6ljarserier. Jag &hellip; <a href=\"https:\/\/iminbokhylla.se\/?p=3896\" class=\"more-link\">Forts\u00e4tt l\u00e4sa<span class=\"screen-reader-text\"> \u201dBokm\u00e4ssan dag 4: fem seminarier och en bok\u201d<\/span><\/a><\/p>\n","protected":false},"author":1,"featured_media":0,"comment_status":"open","ping_status":"open","sticky":false,"template":"","format":"standard","meta":[],"categories":[12],"tags":[9],"featured_image_src":null,"featured_image_src_square":null,"author_info":{"display_name":"Josefine","author_link":"https:\/\/iminbokhylla.se\/?author=1"},"_links":{"self":[{"href":"https:\/\/iminbokhylla.se\/index.php?rest_route=\/wp\/v2\/posts\/3896"}],"collection":[{"href":"https:\/\/iminbokhylla.se\/index.php?rest_route=\/wp\/v2\/posts"}],"about":[{"href":"https:\/\/iminbokhylla.se\/index.php?rest_route=\/wp\/v2\/types\/post"}],"author":[{"embeddable":true,"href":"https:\/\/iminbokhylla.se\/index.php?rest_route=\/wp\/v2\/users\/1"}],"replies":[{"embeddable":true,"href":"https:\/\/iminbokhylla.se\/index.php?rest_route=%2Fwp%2Fv2%2Fcomments&post=3896"}],"version-history":[{"count":0,"href":"https:\/\/iminbokhylla.se\/index.php?rest_route=\/wp\/v2\/posts\/3896\/revisions"}],"wp:attachment":[{"href":"https:\/\/iminbokhylla.se\/index.php?rest_route=%2Fwp%2Fv2%2Fmedia&parent=3896"}],"wp:term":[{"taxonomy":"category","embeddable":true,"href":"https:\/\/iminbokhylla.se\/index.php?rest_route=%2Fwp%2Fv2%2Fcategories&post=3896"},{"taxonomy":"post_tag","embeddable":true,"href":"https:\/\/iminbokhylla.se\/index.php?rest_route=%2Fwp%2Fv2%2Ftags&post=3896"}],"curies":[{"name":"wp","href":"https:\/\/api.w.org\/{rel}","templated":true}]}}