{"id":3894,"date":"2013-09-29T13:35:35","date_gmt":"2013-09-29T11:35:35","guid":{"rendered":"https:\/\/iminbokhylla.se\/?p=3894"},"modified":"2013-09-29T13:35:35","modified_gmt":"2013-09-29T11:35:35","slug":"grattis-i-min-bokhylla-3-ar-idag","status":"publish","type":"post","link":"https:\/\/iminbokhylla.se\/?p=3894","title":{"rendered":"Grattis I min bokhylla, 3 \u00e5r idag!"},"content":{"rendered":"<p>Idag \u00e4r det 3 \u00e5r sedan <a href=\"https:\/\/iminbokhylla.se\/?p=13\">det f\u00f6rsta inl\u00e4gget <\/a>publicerades h\u00e4r p\u00e5 I min bokhylla, 29 september 2010. Jag firar genom att bubbla p\u00e5 Bokm\u00e4ssan. B\u00e4ttre \u00e4n s\u00e5 kan det inte bli. <\/p>\n<p><a href=\"https:\/\/iminbokhylla.se\/wp-content\/uploads\/2013\/09\/20130929-1245092.jpg\"><img src=\"https:\/\/iminbokhylla.se\/wp-content\/uploads\/2013\/09\/20130929-1245092.jpg\" alt=\"20130929-124509.jpg\" class=\"alignnone size-full\" \/><\/a><\/p>\n","protected":false},"excerpt":{"rendered":"<p>Idag \u00e4r det 3 \u00e5r sedan det f\u00f6rsta inl\u00e4gget publicerades h\u00e4r p\u00e5 I min bokhylla, 29 september 2010. Jag firar genom att bubbla p\u00e5 Bokm\u00e4ssan. B\u00e4ttre \u00e4n s\u00e5 kan det inte bli.<\/p>\n","protected":false},"author":1,"featured_media":0,"comment_status":"open","ping_status":"open","sticky":false,"template":"","format":"standard","meta":[],"categories":[12,4],"tags":[9],"featured_image_src":null,"featured_image_src_square":null,"author_info":{"display_name":"Josefine","author_link":"https:\/\/iminbokhylla.se\/?author=1"},"_links":{"self":[{"href":"https:\/\/iminbokhylla.se\/index.php?rest_route=\/wp\/v2\/posts\/3894"}],"collection":[{"href":"https:\/\/iminbokhylla.se\/index.php?rest_route=\/wp\/v2\/posts"}],"about":[{"href":"https:\/\/iminbokhylla.se\/index.php?rest_route=\/wp\/v2\/types\/post"}],"author":[{"embeddable":true,"href":"https:\/\/iminbokhylla.se\/index.php?rest_route=\/wp\/v2\/users\/1"}],"replies":[{"embeddable":true,"href":"https:\/\/iminbokhylla.se\/index.php?rest_route=%2Fwp%2Fv2%2Fcomments&post=3894"}],"version-history":[{"count":0,"href":"https:\/\/iminbokhylla.se\/index.php?rest_route=\/wp\/v2\/posts\/3894\/revisions"}],"wp:attachment":[{"href":"https:\/\/iminbokhylla.se\/index.php?rest_route=%2Fwp%2Fv2%2Fmedia&parent=3894"}],"wp:term":[{"taxonomy":"category","embeddable":true,"href":"https:\/\/iminbokhylla.se\/index.php?rest_route=%2Fwp%2Fv2%2Fcategories&post=3894"},{"taxonomy":"post_tag","embeddable":true,"href":"https:\/\/iminbokhylla.se\/index.php?rest_route=%2Fwp%2Fv2%2Ftags&post=3894"}],"curies":[{"name":"wp","href":"https:\/\/api.w.org\/{rel}","templated":true}]}}