{"id":3885,"date":"2013-09-27T23:03:05","date_gmt":"2013-09-27T21:03:05","guid":{"rendered":"https:\/\/iminbokhylla.se\/?p=3885"},"modified":"2013-09-27T23:03:05","modified_gmt":"2013-09-27T21:03:05","slug":"bokmassan-dag-2-tre-seminarier-och-sex-bocker","status":"publish","type":"post","link":"https:\/\/iminbokhylla.se\/?p=3885","title":{"rendered":"Bokm\u00e4ssan dag 2: tre seminarier och sex b\u00f6cker"},"content":{"rendered":"<p>Bara tre seminarier blev det,  vi ville beta av &#8221;golvet&#8221; s\u00e5 mycket som m\u00f6jligt idag n\u00e4r det var lite lugnare. Men vi har fortfarande halva golvet osett. Det l\u00e4r vi \u00e5ngra imorgon n\u00e4r det \u00e4r sansl\u00f6st mycket folk p\u00e5 plats. <\/p>\n<p>De vi lyssnade p\u00e5 idag:<\/p>\n<p><strong>Petters 16 rader<\/strong><br \/>\nPetter har skrivit en bok, och pratar m\u00e5nga g\u00e5nger p\u00e5 Bokm\u00e4ssan. Helst hade vi f\u00f6rst\u00e5s lyssnat p\u00e5 honom p\u00e5 ett riktigt seminarium men det gick inte att f\u00e5 ihop rent schemam\u00e4ssigt, s\u00e5 ist\u00e4llet h\u00f6rde vi Petter prata hos L\u00e4rarnas riksf\u00f6rbund. D\u00e5lig intervjuare (han hade sina fr\u00e5gor f\u00f6rberedda och n\u00e4r Petter inte svarade exakt som intervjuaren planerat f\u00f6ll allt) men Petter var en klart lysande stj\u00e4rna. Vilken multitalang. Petter for utbildnings- och skolminister! Snacka om smarta id\u00e9er. Bok ink\u00f6pt. <\/p>\n<p><strong>438 dagar &#8211; Johan och Martin ber\u00e4ttar<\/strong><br \/>\nJohan Persson och Martin Schibbye \u00e4r v\u00e4ldigt upptagna under Bokm\u00e4ssan, men det h\u00e4r var deras stora riktiga seminarium. Visa av erfarenhet var vi d\u00e4r i god tid, och snart ringlade k\u00f6n l\u00e5ng. V\u00e4ldigt intressant och de \u00e4r ju b\u00e5da skickliga ber\u00e4ttare. <\/p>\n<p><a href=\"http:\/\/www.flickr.com\/photos\/granding\/9965965086\/\" title=\"Martin Schibbye och Johan Persson pratar med Filters Mattias G\u00f6ransson #bokmassan by Granding, on Flickr\"><img loading=\"lazy\" src=\"http:\/\/farm3.staticflickr.com\/2888\/9965965086_55cb367559.jpg\" width=\"500\" height=\"500\" alt=\"Martin Schibbye och Johan Persson pratar med Filters Mattias G\u00f6ransson #bokmassan\"><\/a><\/p>\n<p><strong>Hassan 20 \u00e5r<\/strong><br \/>\nJag \u00e4r f\u00f6r ung (?) f\u00f6r Hassan, men f\u00f6ljde med sambon. Fredrik Lindstr\u00f6m och Kristian Luuk pratade om Hassan d\u00e5 ett bokf\u00f6rlag gett ut en bok f\u00f6r att markera att Hassan startade f\u00f6r tjugo \u00e5r sedan. Det blev lite m\u00e4rkligt eftersom ingen av de p\u00e5 scenen medverkat i boken. Men sambon tyckte det var bra. Det blev dock inget bokk\u00f6p, vilket han \u00e5ngrade sedan. <\/p>\n<p>Men sex b\u00f6cker k\u00f6pte jag idag. Tv\u00e5 presenter, Petters bok, tre pocketar f\u00f6r 100 kr och s\u00e5 Persson\/Schibbye. Sambon tittade konstigt p\u00e5 mig men det var f\u00f6rst efter\u00e5t han kl\u00e4mde ur sig att vi ju redan har den signerad. Jaja, \u00e4r det n\u00e5gon bok man ska k\u00f6pa tv\u00e5 ex av \u00e4r det v\u00e4l den. <\/p>\n<p>I \u00f6vrigt hann vi med en fika med min pappa som anl\u00e4nde till m\u00e4ssan idag, och en lunch p\u00e5 klassiska Heaven 23. Imorgon har vi ett digert schema och ska vi hinna mellan alla seminarier \u00e4r det att springa som g\u00e4ller.<\/p>\n","protected":false},"excerpt":{"rendered":"<p>Bara tre seminarier blev det, vi ville beta av &#8221;golvet&#8221; s\u00e5 mycket som m\u00f6jligt idag n\u00e4r det var lite lugnare. Men vi har fortfarande halva golvet osett. Det l\u00e4r vi \u00e5ngra imorgon n\u00e4r det \u00e4r sansl\u00f6st mycket folk p\u00e5 plats. De vi lyssnade p\u00e5 idag: Petters 16 rader Petter har skrivit en bok, och pratar &hellip; <a href=\"https:\/\/iminbokhylla.se\/?p=3885\" class=\"more-link\">Forts\u00e4tt l\u00e4sa<span class=\"screen-reader-text\"> \u201dBokm\u00e4ssan dag 2: tre seminarier och sex b\u00f6cker\u201d<\/span><\/a><\/p>\n","protected":false},"author":1,"featured_media":0,"comment_status":"open","ping_status":"open","sticky":false,"template":"","format":"standard","meta":[],"categories":[12],"tags":[9],"featured_image_src":null,"featured_image_src_square":null,"author_info":{"display_name":"Josefine","author_link":"https:\/\/iminbokhylla.se\/?author=1"},"_links":{"self":[{"href":"https:\/\/iminbokhylla.se\/index.php?rest_route=\/wp\/v2\/posts\/3885"}],"collection":[{"href":"https:\/\/iminbokhylla.se\/index.php?rest_route=\/wp\/v2\/posts"}],"about":[{"href":"https:\/\/iminbokhylla.se\/index.php?rest_route=\/wp\/v2\/types\/post"}],"author":[{"embeddable":true,"href":"https:\/\/iminbokhylla.se\/index.php?rest_route=\/wp\/v2\/users\/1"}],"replies":[{"embeddable":true,"href":"https:\/\/iminbokhylla.se\/index.php?rest_route=%2Fwp%2Fv2%2Fcomments&post=3885"}],"version-history":[{"count":0,"href":"https:\/\/iminbokhylla.se\/index.php?rest_route=\/wp\/v2\/posts\/3885\/revisions"}],"wp:attachment":[{"href":"https:\/\/iminbokhylla.se\/index.php?rest_route=%2Fwp%2Fv2%2Fmedia&parent=3885"}],"wp:term":[{"taxonomy":"category","embeddable":true,"href":"https:\/\/iminbokhylla.se\/index.php?rest_route=%2Fwp%2Fv2%2Fcategories&post=3885"},{"taxonomy":"post_tag","embeddable":true,"href":"https:\/\/iminbokhylla.se\/index.php?rest_route=%2Fwp%2Fv2%2Ftags&post=3885"}],"curies":[{"name":"wp","href":"https:\/\/api.w.org\/{rel}","templated":true}]}}