{"id":3882,"date":"2013-09-27T09:10:59","date_gmt":"2013-09-27T07:10:59","guid":{"rendered":"https:\/\/iminbokhylla.se\/?p=3882"},"modified":"2013-09-27T18:17:49","modified_gmt":"2013-09-27T16:17:49","slug":"bokmassan-dag-1-13-seminarier-men-bara-tre-inkopta-bocker","status":"publish","type":"post","link":"https:\/\/iminbokhylla.se\/?p=3882","title":{"rendered":"Bokm\u00e4ssan dag 1: 13 seminarier men bara tre ink\u00f6pta b\u00f6cker"},"content":{"rendered":"<p>\u00c5h vilken dag! Tidigare \u00e5r har alla man tr\u00e4ffat sagt samma sak: &#8221;vi m\u00e5ste hinna innan allm\u00e4nheten kommer&#8221;. I \u00e5r s\u00e4ger man ist\u00e4llet: &#8221;det \u00e4r s\u00e5 mycket folk! Kan inte fatta att det kommer vara mer \u00e4n dubbelt upp p\u00e5 l\u00f6rdag.&#8221; Precis s\u00e5 k\u00e4nns det. Redan nu \u00e4r det olidligt mycket folk, och det \u00e4r \u00e4nd\u00e5 ingenting mot hur det ska bli. Hu. <\/p>\n<p><a href=\"http:\/\/www.flickr.com\/photos\/granding\/9946574206\/\" title=\"Nu! #bokmassan by Granding, on Flickr\"><img loading=\"lazy\" src=\"http:\/\/farm4.staticflickr.com\/3777\/9946574206_c701030185.jpg\" width=\"500\" height=\"500\" alt=\"Nu! #bokmassan\"><\/a><\/p>\n<p>Det blev en seminariedag, otippat nog. Tv\u00e5 av dem var ofrivilliga, vi v\u00e4ntade egentligen p\u00e5 efterf\u00f6ljande upptr\u00e4dande men fick tv\u00e5 p\u00e5 k\u00f6pet av bara farten. Vi lyssnade p\u00e5:<\/p>\n<p><strong>Krigsbibliotikarien, en ofr\u00e5nkomlig resa<\/strong><br \/>\nSorhab Rahimi v\u00e4xte upp i Iran och stred vid fronten under 20 m\u00e5nader i b\u00f6rjan av 1980-talet. Hans stora intresse redan d\u00e5 var b\u00f6cker och s\u00e5 fort n\u00e5gon dog l\u00e4nsade han deras tillh\u00f6righeter p\u00e5 b\u00f6cker som han sedan sl\u00e4pade runt p\u00e5, och l\u00e5nade ut. P\u00e5 grund av detta hamnade han i f\u00e4ngelse tre g\u00e5nger. Oerh\u00f6rt intressant! Tyv\u00e4rr var moderatorn oerh\u00f6rt d\u00e5lig (n\u00e5gon fr\u00e5n F\u00f6rfattarf\u00f6rbundet tror jag). Hon fnittrade n\u00e4r f\u00f6rfattaren sa att han var pers, hon avbr\u00f6t honom i f\u00f6rtid och hon f\u00f6ljde inte upp n\u00e5got han sa. Uruselt sk\u00f6tt!<\/p>\n<p><strong>Baka matbr\u00f6d med LCHF<\/strong><br \/>\nMariann Andersson bakade br\u00f6d och Tomas Tengby intervjuade. Intressant f\u00f6r oss som \u00e4ter lchf, men det blev inget bokk\u00f6p, provsmakningen sa att det var precis s\u00e5 slemmigt lchf-br\u00f6d kan bli. Det vi k\u00f6per p\u00e5 vanliga mataff\u00e4ren \u00e4r mycket b\u00e4ttre. <\/p>\n<p><strong>Jaga och laga<\/strong><br \/>\nEn av dem vi r\u00e5kade lyssna p\u00e5. Peter-Lorentz Johansson var elitistisk, sexistisk och rasistisk. Men v\u00e4ldigt belevad och trevlig. <\/p>\n<p><strong>Taylors &#038; Jones korvbok<\/strong><br \/>\nTomas Tengby, Garreth Jones och Kerim Akkoc pratade och lagade korv. Jag \u00e4ter inte korv, men sambon som har \u00e4tit Taylors &#038; Jones i flera \u00e5r tycker att de \u00e4r goda men mesiga. Snygg bok dock. <\/p>\n<p><strong>Proggen kom fr\u00e5n Amerika<\/strong><br \/>\nPugh Rogefeldt och Coste Apetrea pratade i Aftonbladets monter. \u00c4mnet intresserade mig inte det minsta, men en ren fr\u00f6jd att se hur v\u00e4l moderatorn (en man fr\u00e5n Aftonbladet Kultur) sk\u00f6tte sig. F\u00f6red\u00f6mligt! Backade n\u00e4r de klarade sig sj\u00e4lva, steg fram n\u00e4r det beh\u00f6vdes, var p\u00e5l\u00e4st &#8230;<\/p>\n<p><strong>Skuggbarn<\/strong><br \/>\nCaroline Engvalls bok om svenska barn som s\u00e4ljer sex som sj\u00e4lvskadebeteende l\u00e4ste jag redan i somras och seminariet kanske inte gav mig s\u00e5 mycket. Men ruskigt och intressant f\u00f6rst\u00e5s. <\/p>\n<p><strong>Den postkolionala vampyren<\/strong><br \/>\nLedsen, men Johan H\u00f6glunds vampyrsnack var d\u00f6dligt tr\u00e5kigt. Jag st\u00e4ngde \u00f6ronen. Sambon, som valde seminariet, h\u00f6ll med. <\/p>\n<p><strong>50-70-tal i Esters Lotta &#8211; och andra b\u00f6cker<\/strong><br \/>\nProblemet med De Litter\u00e4ra S\u00e4llskapens scen \u00e4r att det \u00e4r s\u00e5 sopigt ljud. Men att jag <a href=\"https:\/\/iminbokhylla.se\/?s=Lotta&#038;submit=S\u00f6k\">gillar \u00e4mnet<\/a> vet ni. <\/p>\n<p><strong>\u00c4ngeln p\u00e5 Malmskillnadsgatan<\/strong><br \/>\nMan har sett Elise Lindqvist i diverse tv-program men nu har hon allts\u00e5 kommit ut med en egen bok d\u00e4r hon ber\u00e4ttar om sin hemska barndom, sitt liv som prostituerad missbrukare, sitt m\u00f6te med Jesus och hur hon nu \u00e4r &#8221;morsa&#8221; till tjejerna som g\u00e5r p\u00e5 Malmskillnadsgatan. Lite f\u00f6r mycket mirakel och Jesusm\u00f6ten f\u00f6r min del, men i \u00f6vrigt intressant. <\/p>\n<p><strong>Lucke &#038; Lull &#8211; arvet efter en Bonnier<\/strong><br \/>\nAnna Toss mamma hette Lull Toss och Annas pappa Lucke Bonnier. N\u00e4r Lucke dog visade det sig att Annas halvsyskon f\u00e5tt m\u00e5nga miljoner i &#8221;arv&#8221;, och Anna ingenting. Med avstamp i det har Bj\u00f6rn af Kleen granskat Bonnier. Jag \u00e4r bekant med Anna, och \u00e4ven hennes halvbror Jonas, har jobbat halva mitt yrkesliv inom Bonnier. Sj\u00e4lvklart lyssnade jag, och k\u00f6pte boken. <\/p>\n<p><strong>V\u00e5r kokbok<\/strong><br \/>\nTomas Tengby hade f\u00e5tt en ers\u00e4ttare som mest skrek (kom tillbaka Tomas!). H\u00e4r intervjuade hon n\u00e5gon som uppdaterat klassikern V\u00e5r kokbok. Totalt ointressant. Och n\u00e5got vi r\u00e5kade bevista medan vi v\u00e4ntade p\u00e5 annat. <\/p>\n<p><strong>Flippin&#8217; burgers &#8211; hamburgare fr\u00e5n grunden<\/strong><br \/>\nVi har velat bes\u00f6ka Flippin&#8217; Burgers \u00e4nda sedan premi\u00e4ren men v\u00e4grat st\u00e5 i k\u00f6. Nu fick vi i alla fall lyssna (och smaka! Himmelskt). Samma skrikiga intervjuare som ovan, hon verkade dessutom mest intresserad av att st\u00e5 i centrum sj\u00e4lv, n\u00e4r hon inte pratade med mat i munnen, men resten var bra. Bokk\u00f6p!<\/p>\n<p><strong>Thomas Mattsson och Jan Helin i f\u00e4ngelse?<\/strong><br \/>\nExpressens och Aftonbladets chefredakt\u00f6rer i en etikdiskussion med PO Ola Sigvardsson. (Jag k\u00e4nner b\u00e5de Helin och Mattsson). Bra, intressant diskussion! Moderatorn var dock helt \u00f6verfl\u00f6dig och det k\u00e4ndes bara m\u00e4rkligt n\u00e4r hon desperat tvingade till sig ordet, inte f\u00f6r att hon hade n\u00e5got att s\u00e4ga utan bara f\u00f6r att hon skulle ha det. <\/p>\n<p>M\u00e5nga seminarier f\u00f6rsta dagen allts\u00e5! M\u00e5ste vara rekord f\u00f6r oss. Men bara fem b\u00f6cker totalt, tre f\u00f6r mig och tv\u00e5 f\u00f6r sambon. Tv\u00e5 av dessa fem \u00e4r dessutom presenter. Torsdag \u00e4r stora mingeldagen och vi h\u00e4ngde hos Centrum f\u00f6r L\u00e4ttl\u00e4st, <a href=\"https:\/\/iminbokhylla.se\/?p=3588\">som jag ju jobbar med.<\/a><\/p>\n<p>Middag \u00e5t vi p\u00e5 mexikanska Puta Madre, men sen blev det hem till hotellet. Det fanns att g\u00f6ra: det h\u00e4r blogginl\u00e4gget har tagit \u00f6ver tv\u00e5 timmar att skriva &#8230;<\/p>\n","protected":false},"excerpt":{"rendered":"<p>\u00c5h vilken dag! Tidigare \u00e5r har alla man tr\u00e4ffat sagt samma sak: &#8221;vi m\u00e5ste hinna innan allm\u00e4nheten kommer&#8221;. I \u00e5r s\u00e4ger man ist\u00e4llet: &#8221;det \u00e4r s\u00e5 mycket folk! Kan inte fatta att det kommer vara mer \u00e4n dubbelt upp p\u00e5 l\u00f6rdag.&#8221; Precis s\u00e5 k\u00e4nns det. Redan nu \u00e4r det olidligt mycket folk, och det \u00e4r &hellip; <a href=\"https:\/\/iminbokhylla.se\/?p=3882\" class=\"more-link\">Forts\u00e4tt l\u00e4sa<span class=\"screen-reader-text\"> \u201dBokm\u00e4ssan dag 1: 13 seminarier men bara tre ink\u00f6pta b\u00f6cker\u201d<\/span><\/a><\/p>\n","protected":false},"author":1,"featured_media":0,"comment_status":"open","ping_status":"open","sticky":false,"template":"","format":"standard","meta":[],"categories":[12],"tags":[9],"featured_image_src":null,"featured_image_src_square":null,"author_info":{"display_name":"Josefine","author_link":"https:\/\/iminbokhylla.se\/?author=1"},"_links":{"self":[{"href":"https:\/\/iminbokhylla.se\/index.php?rest_route=\/wp\/v2\/posts\/3882"}],"collection":[{"href":"https:\/\/iminbokhylla.se\/index.php?rest_route=\/wp\/v2\/posts"}],"about":[{"href":"https:\/\/iminbokhylla.se\/index.php?rest_route=\/wp\/v2\/types\/post"}],"author":[{"embeddable":true,"href":"https:\/\/iminbokhylla.se\/index.php?rest_route=\/wp\/v2\/users\/1"}],"replies":[{"embeddable":true,"href":"https:\/\/iminbokhylla.se\/index.php?rest_route=%2Fwp%2Fv2%2Fcomments&post=3882"}],"version-history":[{"count":0,"href":"https:\/\/iminbokhylla.se\/index.php?rest_route=\/wp\/v2\/posts\/3882\/revisions"}],"wp:attachment":[{"href":"https:\/\/iminbokhylla.se\/index.php?rest_route=%2Fwp%2Fv2%2Fmedia&parent=3882"}],"wp:term":[{"taxonomy":"category","embeddable":true,"href":"https:\/\/iminbokhylla.se\/index.php?rest_route=%2Fwp%2Fv2%2Fcategories&post=3882"},{"taxonomy":"post_tag","embeddable":true,"href":"https:\/\/iminbokhylla.se\/index.php?rest_route=%2Fwp%2Fv2%2Ftags&post=3882"}],"curies":[{"name":"wp","href":"https:\/\/api.w.org\/{rel}","templated":true}]}}