{"id":386,"date":"2011-02-01T08:49:47","date_gmt":"2011-02-01T06:49:47","guid":{"rendered":"https:\/\/iminbokhylla.se\/?p=386"},"modified":"2011-07-27T16:33:40","modified_gmt":"2011-07-27T14:33:40","slug":"ja-se-lotta-vi-far-mota-paul","status":"publish","type":"post","link":"https:\/\/iminbokhylla.se\/?p=386","title":{"rendered":"Ja, se Lotta!: vi f\u00e5r m\u00f6ta Paul"},"content":{"rendered":"<p><strong>Bok:<\/strong> Ja, se Lotta!<br \/>\n<strong>F\u00f6rfattare<\/strong>: Merri Vik (Ester Ringn\u00e9r-Lundgren)<br \/>\n<strong>F\u00f6rlag<\/strong>: B. Wahlstr\u00f6ms f\u00f6rlag<br \/>\n<strong>Sajt<\/strong>: <a href=\"http:\/\/sv.wikipedia.org\/wiki\/Ester_Ringn%C3%A9r-Lundgren\">Wikipedia om f\u00f6rfattaren<\/a><\/p>\n<p>Den h\u00e4r boken tar \u00f6ver n\u00e4stan direkt d\u00e4r den f\u00f6rra slutade. Det \u00e4r jullov. Lottas b\u00e4stis Giggi \u00e4r bortrest och n\u00e4r killen hon \u00e4r lite sm\u00e5intresserad av, Jonas, demonstrativt intresserar sig f\u00f6r en annan tjej (&#8221;det v\u00e5pet!&#8221;) g\u00e5r Lotta med p\u00e5 att resa till sin faster \u00f6ver ny\u00e5r. Fastern, 36 \u00e5r och urgammal, vill uppfostra hela tiden och tycker att flickor ska ha kl\u00e4nning, inte jeans. Lotta r\u00e4knar inte med att f\u00e5 n\u00e5gon rolig ny\u00e5rsafton men ger sig sj\u00e4lv ett uppdrag: hon ska gifta bort Faster Truddan. <\/p>\n<p>Det \u00e4r klart att Lotta f\u00e5r roligt p\u00e5 ny\u00e5r. Hon lyckas n\u00e4mligen ordna det s\u00e5 fiffigt att hon tvingar ut fastern p\u00e5 en ny\u00e5rsfest, ja, Lotta g\u00e5r med sj\u00e4lv ocks\u00e5, d\u00e4r Lotta blir kompis med Mats (en av mina favoritkarakt\u00e4rer) och Faster Truddan hamnar bredvid Lektor Brem, vilket f\u00f6rst\u00e5s \u00e4r Lottas f\u00f6rtj\u00e4nst. <\/p>\n<p>I Ja, se Lotta! f\u00e5r vi \u00e4ven stifta bekantskap med en av seriens viktigaste karakt\u00e4rer: Paul Ryd. (Oj, vilka diskussioner jag har haft om det namnet! Heter han Paul eller ska man s\u00e4ga &#8221;P\u00e5l&#8221;. Jag, som b\u00f6rjade l\u00e4sa Lotta n\u00e4r jag var sju \u00e5r, s\u00e4ger Paul och andra h\u00e4vdar med en d\u00e5res envishet att han heter P\u00e5l &#8211; &#8221;t\u00e4nk p\u00e5 Paul McCartney!&#8221;. Endast f\u00f6rfattaren vet.) Paul och Lotta \u00e4r sysslingar, bryllingar eller n\u00e5t s\u00e5nt och tr\u00e4ffas p\u00e5 den traditionella trettondagsfesten hemma hos Tant Bernhardina. Paul \u00e4r \u00f6verl\u00e4gsen, st\u00f6ddig, och alldeles alldeles underbar. Ja, Lotta inser det f\u00f6rst\u00e5s inte riktigt \u00e4n. I den h\u00e4r boken \u00e4r hon upptagen med ordna en dragkamp f\u00f6r att visa honom att kvinnor kan. <\/p>\n<p>Mot slutet av lovet kommer Giggi tillbaka till stan och tjejerna tar, tillsammans med en annan v\u00e4n, en sparkutflykt. Det g\u00e5r vilt till p\u00e5 auktioner och museum och Giggi \u00e4r i sitt esse g\u00e4llande bitska kommentarer. <\/p>\n<p><a href=\"http:\/\/www.flickr.com\/photos\/granding\/5389561889\/\" title=\"2 by Granding, on Flickr\"><img loading=\"lazy\" src=\"http:\/\/farm6.static.flickr.com\/5173\/5389561889_b1ee21b8ec.jpg\" width=\"220\" height=\"345\" alt=\"2\" \/><\/a><\/p>\n<p><strong>Betyg:<\/strong><br \/>\nLottabok nummer tv\u00e5 var den allra f\u00f6rsta Lottaboken jag l\u00e4ste. Eller, den allra f\u00f6rsta boken jag l\u00e4ste, punkt. Den historien finns <a href=\"https:\/\/iminbokhylla.se\/2010\/09\/29\/det-borjade-lite-segt\/\">h\u00e4r<\/a>. Trots att det \u00e4r seriens andra bok f\u00f6rstod jag karakt\u00e4rerna mycket bra, utan att beh\u00f6va den presentation av dem som finns i f\u00f6rsta boken. <\/p>\n<p>M\u00e5nga nya karakt\u00e4rer introduceras i den h\u00e4r boken, och m\u00e5nga blir ocks\u00e5 mina favoriter; Paul, Mats, Truddan, tant Bernhardina (som jag alltid trott hette Brenhilda. Jag var som sagt sju \u00e5r n\u00e4r jag l\u00e4ste boken f\u00f6r f\u00f6rsta g\u00e5ngen!). <\/p>\n<p>Ja, se Lotta! har en bra blandning: mysig sparkutflykt, rolig trettondagsfest och bra ny\u00e5rsfest. En fyra, f\u00f6rst\u00e5s. <\/p>\n<p><img loading=\"lazy\" src=\"https:\/\/iminbokhylla.se\/betyg_4.png\" width=\"472\" height=\"99\" alt=\"betyg\" \/><\/p>\n","protected":false},"excerpt":{"rendered":"<p>Bok: Ja, se Lotta! F\u00f6rfattare: Merri Vik (Ester Ringn\u00e9r-Lundgren) F\u00f6rlag: B. Wahlstr\u00f6ms f\u00f6rlag Sajt: Wikipedia om f\u00f6rfattaren Den h\u00e4r boken tar \u00f6ver n\u00e4stan direkt d\u00e4r den f\u00f6rra slutade. Det \u00e4r jullov. Lottas b\u00e4stis Giggi \u00e4r bortrest och n\u00e4r killen hon \u00e4r lite sm\u00e5intresserad av, Jonas, demonstrativt intresserar sig f\u00f6r en annan tjej (&#8221;det v\u00e5pet!&#8221;) g\u00e5r &hellip; <a href=\"https:\/\/iminbokhylla.se\/?p=386\" class=\"more-link\">Forts\u00e4tt l\u00e4sa<span class=\"screen-reader-text\"> \u201dJa, se Lotta!: vi f\u00e5r m\u00f6ta Paul\u201d<\/span><\/a><\/p>\n","protected":false},"author":1,"featured_media":0,"comment_status":"open","ping_status":"open","sticky":false,"template":"","format":"standard","meta":[],"categories":[3],"tags":[9],"featured_image_src":null,"featured_image_src_square":null,"author_info":{"display_name":"Josefine","author_link":"https:\/\/iminbokhylla.se\/?author=1"},"_links":{"self":[{"href":"https:\/\/iminbokhylla.se\/index.php?rest_route=\/wp\/v2\/posts\/386"}],"collection":[{"href":"https:\/\/iminbokhylla.se\/index.php?rest_route=\/wp\/v2\/posts"}],"about":[{"href":"https:\/\/iminbokhylla.se\/index.php?rest_route=\/wp\/v2\/types\/post"}],"author":[{"embeddable":true,"href":"https:\/\/iminbokhylla.se\/index.php?rest_route=\/wp\/v2\/users\/1"}],"replies":[{"embeddable":true,"href":"https:\/\/iminbokhylla.se\/index.php?rest_route=%2Fwp%2Fv2%2Fcomments&post=386"}],"version-history":[{"count":0,"href":"https:\/\/iminbokhylla.se\/index.php?rest_route=\/wp\/v2\/posts\/386\/revisions"}],"wp:attachment":[{"href":"https:\/\/iminbokhylla.se\/index.php?rest_route=%2Fwp%2Fv2%2Fmedia&parent=386"}],"wp:term":[{"taxonomy":"category","embeddable":true,"href":"https:\/\/iminbokhylla.se\/index.php?rest_route=%2Fwp%2Fv2%2Fcategories&post=386"},{"taxonomy":"post_tag","embeddable":true,"href":"https:\/\/iminbokhylla.se\/index.php?rest_route=%2Fwp%2Fv2%2Ftags&post=386"}],"curies":[{"name":"wp","href":"https:\/\/api.w.org\/{rel}","templated":true}]}}