{"id":3845,"date":"2013-09-25T17:36:03","date_gmt":"2013-09-25T15:36:03","guid":{"rendered":"https:\/\/iminbokhylla.se\/?p=3845"},"modified":"2013-09-25T17:49:53","modified_gmt":"2013-09-25T15:49:53","slug":"mot-bokmassan-2","status":"publish","type":"post","link":"https:\/\/iminbokhylla.se\/?p=3845","title":{"rendered":"Mot Bokm\u00e4ssan!"},"content":{"rendered":"<p>F\u00f6rra \u00e5ret hade jag med mig 34 b\u00f6cker hem fr\u00e5n Bokm\u00e4ssan. 34! (2011 hade jag 17 b\u00f6cker med hem). Jag har fem p\u00e5 min &#8221;m\u00e5ste skaffa p\u00e5 Bokm\u00e4ssan-lista&#8221; och det kommer absolut bli en del spontank\u00f6p, men 34 tror jag inte att jag f\u00e5r ihop i \u00e5r. Och hoppas jag! Vi \u00e4r mitt i flytt- och renoveringskaos hemma och fler b\u00f6cker innan bokhyllan \u00e4r f\u00e4rdigbyggt \u00e4r knappast vad vi beh\u00f6ver. <\/p>\n<p>Men som sagt, nu \u00e4r vi p\u00e5 v\u00e4g till G\u00f6teborg och Bokm\u00e4ssan. Vi har med tomma resv\u00e4skor, sk\u00f6na skor, ordentligt med laddare till mobilen, pengar och ipads. Vi bor p\u00e5 Park och har alla middagar utom dagens inplanerade. Det \u00e4r f\u00f6rsta g\u00e5ngen vi har gjort s\u00e5, men vi \u00e5ker ocks\u00e5 med inst\u00e4llningen att det \u00e4r enkelt att boka av om vi kommer p\u00e5 n\u00e5got vi vill g\u00f6ra ist\u00e4llet. Vi har planerat vilka seminarier vi vill g\u00e5 p\u00e5 och \u00e4r helt enkelt redo. <\/p>\n<p>Bokm\u00e4ssan 2013, nu k\u00f6r vi!<\/p>\n<p><a href=\"http:\/\/www.flickr.com\/photos\/granding\/8039455150\/\" title=\"Ses om ett \u00e5r! #bokmassan by Granding, on Flickr\"><img loading=\"lazy\" src=\"http:\/\/farm9.staticflickr.com\/8037\/8039455150_5f75421900.jpg\" width=\"500\" height=\"500\" alt=\"Ses om ett \u00e5r! #bokmassan\"><\/a><\/p>\n","protected":false},"excerpt":{"rendered":"<p>F\u00f6rra \u00e5ret hade jag med mig 34 b\u00f6cker hem fr\u00e5n Bokm\u00e4ssan. 34! (2011 hade jag 17 b\u00f6cker med hem). Jag har fem p\u00e5 min &#8221;m\u00e5ste skaffa p\u00e5 Bokm\u00e4ssan-lista&#8221; och det kommer absolut bli en del spontank\u00f6p, men 34 tror jag inte att jag f\u00e5r ihop i \u00e5r. Och hoppas jag! Vi \u00e4r mitt i flytt- &hellip; <a href=\"https:\/\/iminbokhylla.se\/?p=3845\" class=\"more-link\">Forts\u00e4tt l\u00e4sa<span class=\"screen-reader-text\"> \u201dMot Bokm\u00e4ssan!\u201d<\/span><\/a><\/p>\n","protected":false},"author":1,"featured_media":0,"comment_status":"open","ping_status":"open","sticky":false,"template":"","format":"standard","meta":[],"categories":[12],"tags":[9],"featured_image_src":null,"featured_image_src_square":null,"author_info":{"display_name":"Josefine","author_link":"https:\/\/iminbokhylla.se\/?author=1"},"_links":{"self":[{"href":"https:\/\/iminbokhylla.se\/index.php?rest_route=\/wp\/v2\/posts\/3845"}],"collection":[{"href":"https:\/\/iminbokhylla.se\/index.php?rest_route=\/wp\/v2\/posts"}],"about":[{"href":"https:\/\/iminbokhylla.se\/index.php?rest_route=\/wp\/v2\/types\/post"}],"author":[{"embeddable":true,"href":"https:\/\/iminbokhylla.se\/index.php?rest_route=\/wp\/v2\/users\/1"}],"replies":[{"embeddable":true,"href":"https:\/\/iminbokhylla.se\/index.php?rest_route=%2Fwp%2Fv2%2Fcomments&post=3845"}],"version-history":[{"count":0,"href":"https:\/\/iminbokhylla.se\/index.php?rest_route=\/wp\/v2\/posts\/3845\/revisions"}],"wp:attachment":[{"href":"https:\/\/iminbokhylla.se\/index.php?rest_route=%2Fwp%2Fv2%2Fmedia&parent=3845"}],"wp:term":[{"taxonomy":"category","embeddable":true,"href":"https:\/\/iminbokhylla.se\/index.php?rest_route=%2Fwp%2Fv2%2Fcategories&post=3845"},{"taxonomy":"post_tag","embeddable":true,"href":"https:\/\/iminbokhylla.se\/index.php?rest_route=%2Fwp%2Fv2%2Ftags&post=3845"}],"curies":[{"name":"wp","href":"https:\/\/api.w.org\/{rel}","templated":true}]}}