{"id":3843,"date":"2013-09-16T12:05:39","date_gmt":"2013-09-16T10:05:39","guid":{"rendered":"https:\/\/iminbokhylla.se\/?p=3843"},"modified":"2013-09-15T17:06:44","modified_gmt":"2013-09-15T15:06:44","slug":"namngivningspresent-i-bokens-tecken","status":"publish","type":"post","link":"https:\/\/iminbokhylla.se\/?p=3843","title":{"rendered":"Namngivningspresent i bokens tecken"},"content":{"rendered":"<p>Ig\u00e5r var det namngivningsceremoni f\u00f6r min brorsdotter. Hon fick sina namn och jag fick bli fadder. Vi funderade l\u00e4nge p\u00e5 present. N\u00e5got av &#8221;best\u00e5ende v\u00e4rde&#8221;, som representerar oss, som passar henne och som vi tycker borde finnas i hennes liv. <\/p>\n<p><a href=\"http:\/\/www.rabensjogren.se\/bocker\/Aktuell-utgivning\/Serier-Karaktarer\/K-1\/Astrid-Lindgrens-samlingsbibliotek\/\">Astrid Lindgrens samlingsbibliotek<\/a>! (Eller i alla fall halva biblioteket, hela blev alldeles f\u00f6r dyrt, vi f\u00e5r komplettera till jul och f\u00f6delsedagar). Med egentryckt exlibris! Det k\u00e4ndes helt r\u00e4tt.<\/p>\n<p><em>Den lilla Yodadockan? Hon heter Julia Anna Yoda. <\/em><\/p>\n<p><a href=\"https:\/\/iminbokhylla.se\/wp-content\/uploads\/2013\/09\/20130915-170154.jpg\"><img src=\"https:\/\/iminbokhylla.se\/wp-content\/uploads\/2013\/09\/20130915-170154.jpg\" alt=\"20130915-170154.jpg\" class=\"alignnone size-full\" \/><\/a><\/p>\n<p><a href=\"https:\/\/iminbokhylla.se\/wp-content\/uploads\/2013\/09\/20130915-170207.jpg\"><img src=\"https:\/\/iminbokhylla.se\/wp-content\/uploads\/2013\/09\/20130915-170207.jpg\" alt=\"20130915-170207.jpg\" class=\"alignnone size-full\" \/><\/a><\/p>\n<p><a href=\"https:\/\/iminbokhylla.se\/wp-content\/uploads\/2013\/09\/20130915-170222.jpg\"><img src=\"https:\/\/iminbokhylla.se\/wp-content\/uploads\/2013\/09\/20130915-170222.jpg\" alt=\"20130915-170222.jpg\" class=\"alignnone size-full\" \/><\/a><\/p>\n<p><a href=\"https:\/\/iminbokhylla.se\/wp-content\/uploads\/2013\/09\/20130915-170401.jpg\"><img src=\"https:\/\/iminbokhylla.se\/wp-content\/uploads\/2013\/09\/20130915-170401.jpg\" alt=\"20130915-170401.jpg\" class=\"alignnone size-full\" \/><\/a><\/p>\n","protected":false},"excerpt":{"rendered":"<p>Ig\u00e5r var det namngivningsceremoni f\u00f6r min brorsdotter. Hon fick sina namn och jag fick bli fadder. Vi funderade l\u00e4nge p\u00e5 present. N\u00e5got av &#8221;best\u00e5ende v\u00e4rde&#8221;, som representerar oss, som passar henne och som vi tycker borde finnas i hennes liv. Astrid Lindgrens samlingsbibliotek! (Eller i alla fall halva biblioteket, hela blev alldeles f\u00f6r dyrt, vi &hellip; <a href=\"https:\/\/iminbokhylla.se\/?p=3843\" class=\"more-link\">Forts\u00e4tt l\u00e4sa<span class=\"screen-reader-text\"> \u201dNamngivningspresent i bokens tecken\u201d<\/span><\/a><\/p>\n","protected":false},"author":1,"featured_media":0,"comment_status":"open","ping_status":"open","sticky":false,"template":"","format":"standard","meta":[],"categories":[4],"tags":[9],"featured_image_src":null,"featured_image_src_square":null,"author_info":{"display_name":"Josefine","author_link":"https:\/\/iminbokhylla.se\/?author=1"},"_links":{"self":[{"href":"https:\/\/iminbokhylla.se\/index.php?rest_route=\/wp\/v2\/posts\/3843"}],"collection":[{"href":"https:\/\/iminbokhylla.se\/index.php?rest_route=\/wp\/v2\/posts"}],"about":[{"href":"https:\/\/iminbokhylla.se\/index.php?rest_route=\/wp\/v2\/types\/post"}],"author":[{"embeddable":true,"href":"https:\/\/iminbokhylla.se\/index.php?rest_route=\/wp\/v2\/users\/1"}],"replies":[{"embeddable":true,"href":"https:\/\/iminbokhylla.se\/index.php?rest_route=%2Fwp%2Fv2%2Fcomments&post=3843"}],"version-history":[{"count":0,"href":"https:\/\/iminbokhylla.se\/index.php?rest_route=\/wp\/v2\/posts\/3843\/revisions"}],"wp:attachment":[{"href":"https:\/\/iminbokhylla.se\/index.php?rest_route=%2Fwp%2Fv2%2Fmedia&parent=3843"}],"wp:term":[{"taxonomy":"category","embeddable":true,"href":"https:\/\/iminbokhylla.se\/index.php?rest_route=%2Fwp%2Fv2%2Fcategories&post=3843"},{"taxonomy":"post_tag","embeddable":true,"href":"https:\/\/iminbokhylla.se\/index.php?rest_route=%2Fwp%2Fv2%2Ftags&post=3843"}],"curies":[{"name":"wp","href":"https:\/\/api.w.org\/{rel}","templated":true}]}}