{"id":3836,"date":"2013-09-15T09:20:51","date_gmt":"2013-09-15T07:20:51","guid":{"rendered":"https:\/\/iminbokhylla.se\/?p=3836"},"modified":"2013-09-15T11:54:23","modified_gmt":"2013-09-15T09:54:23","slug":"en-fargglad-bokvagg","status":"publish","type":"post","link":"https:\/\/iminbokhylla.se\/?p=3836","title":{"rendered":"En f\u00e4rgglad bokv\u00e4gg"},"content":{"rendered":"<p>P\u00e5 en m\u00f6belbutik i stan, kommer inte ih\u00e5g vilken, s\u00e5g jag denna tapet. Lite v\u00e4l r\u00f6rig och f\u00e4rgglad i mitt tycke, men v\u00e4ldigt bokig!<\/p>\n<p><a href=\"https:\/\/iminbokhylla.se\/wp-content\/uploads\/2013\/09\/20130913-202335.jpg\"><img src=\"https:\/\/iminbokhylla.se\/wp-content\/uploads\/2013\/09\/20130913-202335.jpg\" alt=\"20130913-202335.jpg\" class=\"alignnone size-full\" \/><\/a><\/p>\n","protected":false},"excerpt":{"rendered":"<p>P\u00e5 en m\u00f6belbutik i stan, kommer inte ih\u00e5g vilken, s\u00e5g jag denna tapet. Lite v\u00e4l r\u00f6rig och f\u00e4rgglad i mitt tycke, men v\u00e4ldigt bokig!<\/p>\n","protected":false},"author":1,"featured_media":0,"comment_status":"open","ping_status":"open","sticky":false,"template":"","format":"standard","meta":[],"categories":[4],"tags":[9],"featured_image_src":null,"featured_image_src_square":null,"author_info":{"display_name":"Josefine","author_link":"https:\/\/iminbokhylla.se\/?author=1"},"_links":{"self":[{"href":"https:\/\/iminbokhylla.se\/index.php?rest_route=\/wp\/v2\/posts\/3836"}],"collection":[{"href":"https:\/\/iminbokhylla.se\/index.php?rest_route=\/wp\/v2\/posts"}],"about":[{"href":"https:\/\/iminbokhylla.se\/index.php?rest_route=\/wp\/v2\/types\/post"}],"author":[{"embeddable":true,"href":"https:\/\/iminbokhylla.se\/index.php?rest_route=\/wp\/v2\/users\/1"}],"replies":[{"embeddable":true,"href":"https:\/\/iminbokhylla.se\/index.php?rest_route=%2Fwp%2Fv2%2Fcomments&post=3836"}],"version-history":[{"count":0,"href":"https:\/\/iminbokhylla.se\/index.php?rest_route=\/wp\/v2\/posts\/3836\/revisions"}],"wp:attachment":[{"href":"https:\/\/iminbokhylla.se\/index.php?rest_route=%2Fwp%2Fv2%2Fmedia&parent=3836"}],"wp:term":[{"taxonomy":"category","embeddable":true,"href":"https:\/\/iminbokhylla.se\/index.php?rest_route=%2Fwp%2Fv2%2Fcategories&post=3836"},{"taxonomy":"post_tag","embeddable":true,"href":"https:\/\/iminbokhylla.se\/index.php?rest_route=%2Fwp%2Fv2%2Ftags&post=3836"}],"curies":[{"name":"wp","href":"https:\/\/api.w.org\/{rel}","templated":true}]}}