{"id":3823,"date":"2013-09-09T11:25:38","date_gmt":"2013-09-09T09:25:38","guid":{"rendered":"https:\/\/iminbokhylla.se\/?p=3823"},"modified":"2013-09-08T18:28:45","modified_gmt":"2013-09-08T16:28:45","slug":"inte-alls-lika-bra-som-de-tidigare-i-serien","status":"publish","type":"post","link":"https:\/\/iminbokhylla.se\/?p=3823","title":{"rendered":"Inte alls lika bra som de tidigare i serien"},"content":{"rendered":"<p>L\u00e4ser tredje delen i Jan Guillous serie om 1900-talet, och m\u00e5ste tyv\u00e4rr s\u00e4ga att den inte alls \u00e4r lika bra som de tv\u00e5 tidigare. Utf\u00f6rligare recension kommer. <\/p>\n<p>(Urs\u00e4kta r\u00f6ran p\u00e5 bilden, vi b\u00f6rjar renovera idag och sover i vardagsrummet, har en projektor st\u00e5ende p\u00e5 en b\u00e4nk mitt p\u00e5 golvet och har kl\u00e4mt in en f\u00e5t\u00f6lj i fel rum.)<br \/>\n<a href=\"https:\/\/iminbokhylla.se\/wp-content\/uploads\/2013\/09\/20130908-182612.jpg\"><img src=\"https:\/\/iminbokhylla.se\/wp-content\/uploads\/2013\/09\/20130908-182612.jpg\" alt=\"20130908-182612.jpg\" class=\"alignnone size-full\" \/><\/a><\/p>\n","protected":false},"excerpt":{"rendered":"<p>L\u00e4ser tredje delen i Jan Guillous serie om 1900-talet, och m\u00e5ste tyv\u00e4rr s\u00e4ga att den inte alls \u00e4r lika bra som de tv\u00e5 tidigare. Utf\u00f6rligare recension kommer. (Urs\u00e4kta r\u00f6ran p\u00e5 bilden, vi b\u00f6rjar renovera idag och sover i vardagsrummet, har en projektor st\u00e5ende p\u00e5 en b\u00e4nk mitt p\u00e5 golvet och har kl\u00e4mt in en f\u00e5t\u00f6lj &hellip; <a href=\"https:\/\/iminbokhylla.se\/?p=3823\" class=\"more-link\">Forts\u00e4tt l\u00e4sa<span class=\"screen-reader-text\"> \u201dInte alls lika bra som de tidigare i serien\u201d<\/span><\/a><\/p>\n","protected":false},"author":1,"featured_media":0,"comment_status":"open","ping_status":"open","sticky":false,"template":"","format":"standard","meta":[],"categories":[4],"tags":[9],"featured_image_src":null,"featured_image_src_square":null,"author_info":{"display_name":"Josefine","author_link":"https:\/\/iminbokhylla.se\/?author=1"},"_links":{"self":[{"href":"https:\/\/iminbokhylla.se\/index.php?rest_route=\/wp\/v2\/posts\/3823"}],"collection":[{"href":"https:\/\/iminbokhylla.se\/index.php?rest_route=\/wp\/v2\/posts"}],"about":[{"href":"https:\/\/iminbokhylla.se\/index.php?rest_route=\/wp\/v2\/types\/post"}],"author":[{"embeddable":true,"href":"https:\/\/iminbokhylla.se\/index.php?rest_route=\/wp\/v2\/users\/1"}],"replies":[{"embeddable":true,"href":"https:\/\/iminbokhylla.se\/index.php?rest_route=%2Fwp%2Fv2%2Fcomments&post=3823"}],"version-history":[{"count":0,"href":"https:\/\/iminbokhylla.se\/index.php?rest_route=\/wp\/v2\/posts\/3823\/revisions"}],"wp:attachment":[{"href":"https:\/\/iminbokhylla.se\/index.php?rest_route=%2Fwp%2Fv2%2Fmedia&parent=3823"}],"wp:term":[{"taxonomy":"category","embeddable":true,"href":"https:\/\/iminbokhylla.se\/index.php?rest_route=%2Fwp%2Fv2%2Fcategories&post=3823"},{"taxonomy":"post_tag","embeddable":true,"href":"https:\/\/iminbokhylla.se\/index.php?rest_route=%2Fwp%2Fv2%2Ftags&post=3823"}],"curies":[{"name":"wp","href":"https:\/\/api.w.org\/{rel}","templated":true}]}}