{"id":3801,"date":"2013-09-04T07:57:15","date_gmt":"2013-09-04T05:57:15","guid":{"rendered":"https:\/\/iminbokhylla.se\/?p=3801"},"modified":"2013-09-04T07:57:15","modified_gmt":"2013-09-04T05:57:15","slug":"har-jag-hittat-bockernas-svarta-hal","status":"publish","type":"post","link":"https:\/\/iminbokhylla.se\/?p=3801","title":{"rendered":"Har jag hittat b\u00f6ckernas svarta h\u00e5l?"},"content":{"rendered":"<p>P\u00e5 <a href=\"http:\/\/bokmassan.se\">Bokm\u00e4ssan<\/a> f\u00f6rra \u00e5ret k\u00f6pte jag Tommy K\u00f6rbergs memoarer. Nu i augusti b\u00f6rjade jag l\u00e4sa den. <\/p>\n<p>Det \u00e4r intressant, den \u00e4r inte d\u00e5ligt skriven, det \u00e4r inte direkt avancerat. Ingenting \u00e4r konstigt. Men den tar s\u00e5 otroligt l\u00e5ng tid att l\u00e4sa! Jag l\u00e4ser snabbt, men den h\u00e4r boken har tagit mig flera veckor nu. Och nej, jag har inte ovanligt lite l\u00e4stid. Det k\u00e4nns som att boken \u00e4r ett svart h\u00e5l och bara slukar tid. <\/p>\n<p>\u00c4r det n\u00e5gon som varit med om detta med en annan bok? Eller har jag hittat just ett svart h\u00e5l?<\/p>\n<p><a href=\"https:\/\/iminbokhylla.se\/wp-content\/uploads\/2013\/09\/20130904-075557.jpg\"><img src=\"https:\/\/iminbokhylla.se\/wp-content\/uploads\/2013\/09\/20130904-075557.jpg\" alt=\"20130904-075557.jpg\" class=\"alignnone size-full\" \/><\/a><\/p>\n","protected":false},"excerpt":{"rendered":"<p>P\u00e5 Bokm\u00e4ssan f\u00f6rra \u00e5ret k\u00f6pte jag Tommy K\u00f6rbergs memoarer. Nu i augusti b\u00f6rjade jag l\u00e4sa den. Det \u00e4r intressant, den \u00e4r inte d\u00e5ligt skriven, det \u00e4r inte direkt avancerat. Ingenting \u00e4r konstigt. Men den tar s\u00e5 otroligt l\u00e5ng tid att l\u00e4sa! Jag l\u00e4ser snabbt, men den h\u00e4r boken har tagit mig flera veckor nu. Och &hellip; <a href=\"https:\/\/iminbokhylla.se\/?p=3801\" class=\"more-link\">Forts\u00e4tt l\u00e4sa<span class=\"screen-reader-text\"> \u201dHar jag hittat b\u00f6ckernas svarta h\u00e5l?\u201d<\/span><\/a><\/p>\n","protected":false},"author":1,"featured_media":0,"comment_status":"open","ping_status":"open","sticky":false,"template":"","format":"standard","meta":[],"categories":[4],"tags":[],"featured_image_src":null,"featured_image_src_square":null,"author_info":{"display_name":"Josefine","author_link":"https:\/\/iminbokhylla.se\/?author=1"},"_links":{"self":[{"href":"https:\/\/iminbokhylla.se\/index.php?rest_route=\/wp\/v2\/posts\/3801"}],"collection":[{"href":"https:\/\/iminbokhylla.se\/index.php?rest_route=\/wp\/v2\/posts"}],"about":[{"href":"https:\/\/iminbokhylla.se\/index.php?rest_route=\/wp\/v2\/types\/post"}],"author":[{"embeddable":true,"href":"https:\/\/iminbokhylla.se\/index.php?rest_route=\/wp\/v2\/users\/1"}],"replies":[{"embeddable":true,"href":"https:\/\/iminbokhylla.se\/index.php?rest_route=%2Fwp%2Fv2%2Fcomments&post=3801"}],"version-history":[{"count":0,"href":"https:\/\/iminbokhylla.se\/index.php?rest_route=\/wp\/v2\/posts\/3801\/revisions"}],"wp:attachment":[{"href":"https:\/\/iminbokhylla.se\/index.php?rest_route=%2Fwp%2Fv2%2Fmedia&parent=3801"}],"wp:term":[{"taxonomy":"category","embeddable":true,"href":"https:\/\/iminbokhylla.se\/index.php?rest_route=%2Fwp%2Fv2%2Fcategories&post=3801"},{"taxonomy":"post_tag","embeddable":true,"href":"https:\/\/iminbokhylla.se\/index.php?rest_route=%2Fwp%2Fv2%2Ftags&post=3801"}],"curies":[{"name":"wp","href":"https:\/\/api.w.org\/{rel}","templated":true}]}}