{"id":379,"date":"2011-02-05T09:42:55","date_gmt":"2011-02-05T07:42:55","guid":{"rendered":"https:\/\/iminbokhylla.se\/?p=379"},"modified":"2011-07-27T16:33:40","modified_gmt":"2011-07-27T14:33:40","slug":"ett-avbrott-for-helena","status":"publish","type":"post","link":"https:\/\/iminbokhylla.se\/?p=379","title":{"rendered":"Ett avbrott f\u00f6r Helena"},"content":{"rendered":"<p>Trots att jag \u00e4r mitt inne i Galaprinsessor (hj\u00e4lp s\u00e5 d\u00e5lig!) g\u00f6r jag ett avbrott f\u00f6r att l\u00e4sa Helena Henschens I skuggan av ett brott. Det \u00e4r n\u00e4mligen n\u00e4sta bokcirkelbok.<\/p>\n<p>Jag har l\u00e4st boken en g\u00e5ng f\u00f6rr, men det var 2005 s\u00e5 ska bli kul att l\u00e4sa om den. Med tanke p\u00e5 att Helena Henschen nyligen d\u00f6tt \u00e4r vi nog m\u00e5nga som l\u00e4ser henne just nu, \u00e4ven om bokcirkeln valde boken medan hon fortfarande levde.<\/p>\n<p>L\u00e4s \u00e4ven <a href=\"http:\/\/www.dn.se\/kultur-noje\/forfattaren-och-formgivaren-helena-henschen-dod\">DNs raka artikel om hennes d\u00f6d<\/a> och <a href=\"http:\/\/www.expressen.se\/kultur\/1.2307839\/helena-henschen-dod\">Expressens minnesk\u00e5seri<\/a>. <\/p>\n","protected":false},"excerpt":{"rendered":"<p>Trots att jag \u00e4r mitt inne i Galaprinsessor (hj\u00e4lp s\u00e5 d\u00e5lig!) g\u00f6r jag ett avbrott f\u00f6r att l\u00e4sa Helena Henschens I skuggan av ett brott. Det \u00e4r n\u00e4mligen n\u00e4sta bokcirkelbok. Jag har l\u00e4st boken en g\u00e5ng f\u00f6rr, men det var 2005 s\u00e5 ska bli kul att l\u00e4sa om den. Med tanke p\u00e5 att Helena Henschen &hellip; <a href=\"https:\/\/iminbokhylla.se\/?p=379\" class=\"more-link\">Forts\u00e4tt l\u00e4sa<span class=\"screen-reader-text\"> \u201dEtt avbrott f\u00f6r Helena\u201d<\/span><\/a><\/p>\n","protected":false},"author":1,"featured_media":0,"comment_status":"open","ping_status":"open","sticky":false,"template":"","format":"standard","meta":[],"categories":[4],"tags":[9],"featured_image_src":null,"featured_image_src_square":null,"author_info":{"display_name":"Josefine","author_link":"https:\/\/iminbokhylla.se\/?author=1"},"_links":{"self":[{"href":"https:\/\/iminbokhylla.se\/index.php?rest_route=\/wp\/v2\/posts\/379"}],"collection":[{"href":"https:\/\/iminbokhylla.se\/index.php?rest_route=\/wp\/v2\/posts"}],"about":[{"href":"https:\/\/iminbokhylla.se\/index.php?rest_route=\/wp\/v2\/types\/post"}],"author":[{"embeddable":true,"href":"https:\/\/iminbokhylla.se\/index.php?rest_route=\/wp\/v2\/users\/1"}],"replies":[{"embeddable":true,"href":"https:\/\/iminbokhylla.se\/index.php?rest_route=%2Fwp%2Fv2%2Fcomments&post=379"}],"version-history":[{"count":0,"href":"https:\/\/iminbokhylla.se\/index.php?rest_route=\/wp\/v2\/posts\/379\/revisions"}],"wp:attachment":[{"href":"https:\/\/iminbokhylla.se\/index.php?rest_route=%2Fwp%2Fv2%2Fmedia&parent=379"}],"wp:term":[{"taxonomy":"category","embeddable":true,"href":"https:\/\/iminbokhylla.se\/index.php?rest_route=%2Fwp%2Fv2%2Fcategories&post=379"},{"taxonomy":"post_tag","embeddable":true,"href":"https:\/\/iminbokhylla.se\/index.php?rest_route=%2Fwp%2Fv2%2Ftags&post=379"}],"curies":[{"name":"wp","href":"https:\/\/api.w.org\/{rel}","templated":true}]}}