{"id":3786,"date":"2013-07-27T10:55:28","date_gmt":"2013-07-27T08:55:28","guid":{"rendered":"https:\/\/iminbokhylla.se\/?p=3786"},"modified":"2013-07-26T22:58:42","modified_gmt":"2013-07-26T20:58:42","slug":"extrabocker-i-piran","status":"publish","type":"post","link":"https:\/\/iminbokhylla.se\/?p=3786","title":{"rendered":"Extrab\u00f6cker i Piran"},"content":{"rendered":"<p>Fr\u00e5n Toscana bar det av mot Piran i Slovenien, med stopp i Pisa och Milano. I Piran har vi varit i n\u00e4stan en vecka nu. Lite utflykter, men mycket strandtid. Och p\u00e5 stranden badar eller l\u00e4ser jag. Punkt. \ud83d\ude42 Julis l\u00e4slista \u00e4r d\u00e4rmed l\u00e5ng. Jag har l\u00e4st m\u00e5nga b\u00f6cker jag inte hade t\u00e4nkt l\u00e4sa, men b\u00f6ckerna tog slut och jag tog med gl\u00e4dje \u00f6ver pappersb\u00f6cker fr\u00e5n andra och l\u00e4ste vad som fanns i ipaden (n\u00e4tet har funkat hyggligt, men f\u00f6r d\u00e5ligt f\u00f6r att kunna ladda med nya b\u00f6cker).<\/p>\n<p>Bland annat blev det den h\u00e4r: <\/p>\n<p><a href=\"https:\/\/iminbokhylla.se\/wp-content\/uploads\/2013\/07\/20130726-225741.jpg\"><img src=\"https:\/\/iminbokhylla.se\/wp-content\/uploads\/2013\/07\/20130726-225741.jpg\" alt=\"20130726-225741.jpg\" class=\"alignnone size-full\" \/><\/a><\/p>\n","protected":false},"excerpt":{"rendered":"<p>Fr\u00e5n Toscana bar det av mot Piran i Slovenien, med stopp i Pisa och Milano. I Piran har vi varit i n\u00e4stan en vecka nu. Lite utflykter, men mycket strandtid. Och p\u00e5 stranden badar eller l\u00e4ser jag. Punkt. \ud83d\ude42 Julis l\u00e4slista \u00e4r d\u00e4rmed l\u00e5ng. Jag har l\u00e4st m\u00e5nga b\u00f6cker jag inte hade t\u00e4nkt l\u00e4sa, men &hellip; <a href=\"https:\/\/iminbokhylla.se\/?p=3786\" class=\"more-link\">Forts\u00e4tt l\u00e4sa<span class=\"screen-reader-text\"> \u201dExtrab\u00f6cker i Piran\u201d<\/span><\/a><\/p>\n","protected":false},"author":1,"featured_media":0,"comment_status":"open","ping_status":"open","sticky":false,"template":"","format":"standard","meta":[],"categories":[4],"tags":[9],"featured_image_src":null,"featured_image_src_square":null,"author_info":{"display_name":"Josefine","author_link":"https:\/\/iminbokhylla.se\/?author=1"},"_links":{"self":[{"href":"https:\/\/iminbokhylla.se\/index.php?rest_route=\/wp\/v2\/posts\/3786"}],"collection":[{"href":"https:\/\/iminbokhylla.se\/index.php?rest_route=\/wp\/v2\/posts"}],"about":[{"href":"https:\/\/iminbokhylla.se\/index.php?rest_route=\/wp\/v2\/types\/post"}],"author":[{"embeddable":true,"href":"https:\/\/iminbokhylla.se\/index.php?rest_route=\/wp\/v2\/users\/1"}],"replies":[{"embeddable":true,"href":"https:\/\/iminbokhylla.se\/index.php?rest_route=%2Fwp%2Fv2%2Fcomments&post=3786"}],"version-history":[{"count":0,"href":"https:\/\/iminbokhylla.se\/index.php?rest_route=\/wp\/v2\/posts\/3786\/revisions"}],"wp:attachment":[{"href":"https:\/\/iminbokhylla.se\/index.php?rest_route=%2Fwp%2Fv2%2Fmedia&parent=3786"}],"wp:term":[{"taxonomy":"category","embeddable":true,"href":"https:\/\/iminbokhylla.se\/index.php?rest_route=%2Fwp%2Fv2%2Fcategories&post=3786"},{"taxonomy":"post_tag","embeddable":true,"href":"https:\/\/iminbokhylla.se\/index.php?rest_route=%2Fwp%2Fv2%2Ftags&post=3786"}],"curies":[{"name":"wp","href":"https:\/\/api.w.org\/{rel}","templated":true}]}}