{"id":3654,"date":"2013-07-12T14:48:34","date_gmt":"2013-07-12T12:48:34","guid":{"rendered":"https:\/\/iminbokhylla.se\/?p=3654"},"modified":"2013-07-08T15:22:53","modified_gmt":"2013-07-08T13:22:53","slug":"mot-basta-lasstranden","status":"publish","type":"post","link":"https:\/\/iminbokhylla.se\/?p=3654","title":{"rendered":"Mot b\u00e4sta l\u00e4sstranden!"},"content":{"rendered":"<p>Imorgon bitti \u00e5ker vi p\u00e5 semester. Tre veckor \u00e4r vi borta (hej tjuvar: vi har pansard\u00f6rr), men det blir <a href=\"https:\/\/iminbokhylla.se\/?p=2646\">inte lika galet som f\u00f6rra \u00e5ret<\/a>.<\/p>\n<p>Nu k\u00f6r vi genom Danmark, Tyskland (\u00f6vernattning), \u00d6sterrike, Italien (en vecka i Toscana och en natt i Milano), Slovenien (en vecka i favoritbyn), \u00d6sterrike, Tyskland (\u00f6vernattning) och s\u00e5 Danmark (fyra n\u00e4tter i K\u00f6penhamn).  Som vanligt funderar jag en del p\u00e5 bokpackningen. N\u00e4r jag packade ihop bokhyllorna i flytten lade jag en del av alla ol\u00e4sta b\u00f6cker i s\u00e4rskilda kartonger. S\u00e5 nu ska jag leta r\u00e4tt p\u00e5 en s\u00e5dan och hoppas p\u00e5 att hitta n\u00e5got kul. H\u00e5ller tummarna f\u00f6r att jag har n\u00e5gra sm\u00e5 Exsessb\u00f6cker d\u00e4r. Och s\u00e5 blir det ipaden f\u00f6rst\u00e5s. <\/p>\n<p><a href=\"http:\/\/www.flickr.com\/photos\/granding\/7726881520\/\" title=\"Portoroz &amp; Piran by Granding, on Flickr\"><img loading=\"lazy\" src=\"http:\/\/farm9.staticflickr.com\/8282\/7726881520_ee36548cb6.jpg\" width=\"500\" height=\"375\" alt=\"Portoroz &amp; Piran\"><\/a><br \/>\n<em>B\u00e4sta l\u00e4sstranden i Slovenien<\/em><\/p>\n","protected":false},"excerpt":{"rendered":"<p>Imorgon bitti \u00e5ker vi p\u00e5 semester. Tre veckor \u00e4r vi borta (hej tjuvar: vi har pansard\u00f6rr), men det blir inte lika galet som f\u00f6rra \u00e5ret. Nu k\u00f6r vi genom Danmark, Tyskland (\u00f6vernattning), \u00d6sterrike, Italien (en vecka i Toscana och en natt i Milano), Slovenien (en vecka i favoritbyn), \u00d6sterrike, Tyskland (\u00f6vernattning) och s\u00e5 Danmark (fyra &hellip; <a href=\"https:\/\/iminbokhylla.se\/?p=3654\" class=\"more-link\">Forts\u00e4tt l\u00e4sa<span class=\"screen-reader-text\"> \u201dMot b\u00e4sta l\u00e4sstranden!\u201d<\/span><\/a><\/p>\n","protected":false},"author":1,"featured_media":0,"comment_status":"open","ping_status":"open","sticky":false,"template":"","format":"standard","meta":[],"categories":[4],"tags":[9],"featured_image_src":null,"featured_image_src_square":null,"author_info":{"display_name":"Josefine","author_link":"https:\/\/iminbokhylla.se\/?author=1"},"_links":{"self":[{"href":"https:\/\/iminbokhylla.se\/index.php?rest_route=\/wp\/v2\/posts\/3654"}],"collection":[{"href":"https:\/\/iminbokhylla.se\/index.php?rest_route=\/wp\/v2\/posts"}],"about":[{"href":"https:\/\/iminbokhylla.se\/index.php?rest_route=\/wp\/v2\/types\/post"}],"author":[{"embeddable":true,"href":"https:\/\/iminbokhylla.se\/index.php?rest_route=\/wp\/v2\/users\/1"}],"replies":[{"embeddable":true,"href":"https:\/\/iminbokhylla.se\/index.php?rest_route=%2Fwp%2Fv2%2Fcomments&post=3654"}],"version-history":[{"count":0,"href":"https:\/\/iminbokhylla.se\/index.php?rest_route=\/wp\/v2\/posts\/3654\/revisions"}],"wp:attachment":[{"href":"https:\/\/iminbokhylla.se\/index.php?rest_route=%2Fwp%2Fv2%2Fmedia&parent=3654"}],"wp:term":[{"taxonomy":"category","embeddable":true,"href":"https:\/\/iminbokhylla.se\/index.php?rest_route=%2Fwp%2Fv2%2Fcategories&post=3654"},{"taxonomy":"post_tag","embeddable":true,"href":"https:\/\/iminbokhylla.se\/index.php?rest_route=%2Fwp%2Fv2%2Ftags&post=3654"}],"curies":[{"name":"wp","href":"https:\/\/api.w.org\/{rel}","templated":true}]}}