{"id":3648,"date":"2013-07-08T14:46:33","date_gmt":"2013-07-08T12:46:33","guid":{"rendered":"https:\/\/iminbokhylla.se\/?p=3648"},"modified":"2013-07-08T14:48:13","modified_gmt":"2013-07-08T12:48:13","slug":"ny-lashorna-inredd","status":"publish","type":"post","link":"https:\/\/iminbokhylla.se\/?p=3648","title":{"rendered":"Ny l\u00e4sh\u00f6rna inredd"},"content":{"rendered":"<p>Vi \u00e4r ju mitt inne i en flytt. Det mesta \u00e4r f\u00f6rf\u00e4rligt oklart \u00e4nnu, men en l\u00e4sh\u00f6rna \u00e4r p\u00e5 plats! Och som jag trivs d\u00e4r. <\/p>\n<p><a href=\"http:\/\/www.flickr.com\/photos\/granding\/9231740205\/\" title=\"L\u00e4sh\u00f6rna p\u00e5 #\u00f6stg\u00f6tagatan by Granding, on Flickr\"><img loading=\"lazy\" src=\"http:\/\/farm8.staticflickr.com\/7295\/9231740205_76bd880a23.jpg\" width=\"500\" height=\"500\" alt=\"L\u00e4sh\u00f6rna p\u00e5 #\u00f6stg\u00f6tagatan\"><\/a><\/p>\n","protected":false},"excerpt":{"rendered":"<p>Vi \u00e4r ju mitt inne i en flytt. Det mesta \u00e4r f\u00f6rf\u00e4rligt oklart \u00e4nnu, men en l\u00e4sh\u00f6rna \u00e4r p\u00e5 plats! Och som jag trivs d\u00e4r.<\/p>\n","protected":false},"author":1,"featured_media":0,"comment_status":"open","ping_status":"open","sticky":false,"template":"","format":"standard","meta":[],"categories":[4],"tags":[9],"featured_image_src":null,"featured_image_src_square":null,"author_info":{"display_name":"Josefine","author_link":"https:\/\/iminbokhylla.se\/?author=1"},"_links":{"self":[{"href":"https:\/\/iminbokhylla.se\/index.php?rest_route=\/wp\/v2\/posts\/3648"}],"collection":[{"href":"https:\/\/iminbokhylla.se\/index.php?rest_route=\/wp\/v2\/posts"}],"about":[{"href":"https:\/\/iminbokhylla.se\/index.php?rest_route=\/wp\/v2\/types\/post"}],"author":[{"embeddable":true,"href":"https:\/\/iminbokhylla.se\/index.php?rest_route=\/wp\/v2\/users\/1"}],"replies":[{"embeddable":true,"href":"https:\/\/iminbokhylla.se\/index.php?rest_route=%2Fwp%2Fv2%2Fcomments&post=3648"}],"version-history":[{"count":0,"href":"https:\/\/iminbokhylla.se\/index.php?rest_route=\/wp\/v2\/posts\/3648\/revisions"}],"wp:attachment":[{"href":"https:\/\/iminbokhylla.se\/index.php?rest_route=%2Fwp%2Fv2%2Fmedia&parent=3648"}],"wp:term":[{"taxonomy":"category","embeddable":true,"href":"https:\/\/iminbokhylla.se\/index.php?rest_route=%2Fwp%2Fv2%2Fcategories&post=3648"},{"taxonomy":"post_tag","embeddable":true,"href":"https:\/\/iminbokhylla.se\/index.php?rest_route=%2Fwp%2Fv2%2Ftags&post=3648"}],"curies":[{"name":"wp","href":"https:\/\/api.w.org\/{rel}","templated":true}]}}