{"id":3588,"date":"2013-06-26T16:52:52","date_gmt":"2013-06-26T14:52:52","guid":{"rendered":"https:\/\/iminbokhylla.se\/?p=3588"},"modified":"2013-06-26T16:52:52","modified_gmt":"2013-06-26T14:52:52","slug":"en-hel-hog-med-lattlast","status":"publish","type":"post","link":"https:\/\/iminbokhylla.se\/?p=3588","title":{"rendered":"En hel h\u00f6g med l\u00e4ttl\u00e4st"},"content":{"rendered":"<p>P\u00e5 jobbet arbetar jag i ett projekt tillsammans med tidningen <a href=\"http:\/\/www.8sidor.se\/\">8sidor.se<\/a> och stiftelsen <a href=\"http:\/\/www.lattlast.se\/\">Centrum f\u00f6r l\u00e4ttl\u00e4st<\/a>. D\u00e4r ing\u00e5r ocks\u00e5 <a href=\"http:\/\/www.lattlast.se\/ll-forlaget\">LL-f\u00f6rlaget<\/a>, som ger ut b\u00f6cker p\u00e5 l\u00e4ttl\u00e4st svenska. Imorse tog jag ett snack med f\u00f6rlagschefen Laura Mendez Edkvist. Det var oerh\u00f6rt inspirerande och jag fick verkligen upp \u00f6gonen f\u00f6r en ny v\u00e4rld. Blogginl\u00e4gg fr\u00e5n tr\u00e4ffen kommer naturligtvis. <\/p>\n<p>Jag gick ocks\u00e5 d\u00e4rifr\u00e5n med en hel h\u00f6g b\u00f6cker. Tack LL-f\u00f6rlaget och Laura!<\/p>\n<p><a href=\"https:\/\/iminbokhylla.se\/wp-content\/uploads\/2013\/06\/bild1.jpg\"><img loading=\"lazy\" src=\"https:\/\/iminbokhylla.se\/wp-content\/uploads\/2013\/06\/bild1-300x179.jpg\" alt=\"bild\" width=\"300\" height=\"179\" class=\"alignnone size-medium wp-image-3589\" srcset=\"https:\/\/iminbokhylla.se\/wp-content\/uploads\/2013\/06\/bild1-300x179.jpg 300w, https:\/\/iminbokhylla.se\/wp-content\/uploads\/2013\/06\/bild1-1024x612.jpg 1024w\" sizes=\"(max-width: 300px) 85vw, 300px\" \/><\/a><\/p>\n","protected":false},"excerpt":{"rendered":"<p>P\u00e5 jobbet arbetar jag i ett projekt tillsammans med tidningen 8sidor.se och stiftelsen Centrum f\u00f6r l\u00e4ttl\u00e4st. D\u00e4r ing\u00e5r ocks\u00e5 LL-f\u00f6rlaget, som ger ut b\u00f6cker p\u00e5 l\u00e4ttl\u00e4st svenska. Imorse tog jag ett snack med f\u00f6rlagschefen Laura Mendez Edkvist. Det var oerh\u00f6rt inspirerande och jag fick verkligen upp \u00f6gonen f\u00f6r en ny v\u00e4rld. Blogginl\u00e4gg fr\u00e5n tr\u00e4ffen kommer &hellip; <a href=\"https:\/\/iminbokhylla.se\/?p=3588\" class=\"more-link\">Forts\u00e4tt l\u00e4sa<span class=\"screen-reader-text\"> \u201dEn hel h\u00f6g med l\u00e4ttl\u00e4st\u201d<\/span><\/a><\/p>\n","protected":false},"author":1,"featured_media":0,"comment_status":"open","ping_status":"open","sticky":false,"template":"","format":"standard","meta":[],"categories":[4],"tags":[9],"featured_image_src":null,"featured_image_src_square":null,"author_info":{"display_name":"Josefine","author_link":"https:\/\/iminbokhylla.se\/?author=1"},"_links":{"self":[{"href":"https:\/\/iminbokhylla.se\/index.php?rest_route=\/wp\/v2\/posts\/3588"}],"collection":[{"href":"https:\/\/iminbokhylla.se\/index.php?rest_route=\/wp\/v2\/posts"}],"about":[{"href":"https:\/\/iminbokhylla.se\/index.php?rest_route=\/wp\/v2\/types\/post"}],"author":[{"embeddable":true,"href":"https:\/\/iminbokhylla.se\/index.php?rest_route=\/wp\/v2\/users\/1"}],"replies":[{"embeddable":true,"href":"https:\/\/iminbokhylla.se\/index.php?rest_route=%2Fwp%2Fv2%2Fcomments&post=3588"}],"version-history":[{"count":0,"href":"https:\/\/iminbokhylla.se\/index.php?rest_route=\/wp\/v2\/posts\/3588\/revisions"}],"wp:attachment":[{"href":"https:\/\/iminbokhylla.se\/index.php?rest_route=%2Fwp%2Fv2%2Fmedia&parent=3588"}],"wp:term":[{"taxonomy":"category","embeddable":true,"href":"https:\/\/iminbokhylla.se\/index.php?rest_route=%2Fwp%2Fv2%2Fcategories&post=3588"},{"taxonomy":"post_tag","embeddable":true,"href":"https:\/\/iminbokhylla.se\/index.php?rest_route=%2Fwp%2Fv2%2Ftags&post=3588"}],"curies":[{"name":"wp","href":"https:\/\/api.w.org\/{rel}","templated":true}]}}