{"id":3587,"date":"2013-06-25T10:36:05","date_gmt":"2013-06-25T08:36:05","guid":{"rendered":"https:\/\/iminbokhylla.se\/?p=3587"},"modified":"2013-06-25T10:36:05","modified_gmt":"2013-06-25T08:36:05","slug":"i-vantan-pa","status":"publish","type":"post","link":"https:\/\/iminbokhylla.se\/?p=3587","title":{"rendered":"I v\u00e4ntan p\u00e5 &#8230;"},"content":{"rendered":"<p>&#8230; mer tid (inte Godot allts\u00e5). Delar min tid mellan flytt, jobb och sociala aktiviteter just nu. L\u00e4ser en del, skriver mindre. Som ni m\u00e4rker. <\/p>\n<p>Som liten pausbild f\u00e5r ni den h\u00e4r:<\/p>\n<p><a href=\"https:\/\/iminbokhylla.se\/wp-content\/uploads\/2013\/06\/20130625-103544.jpg\"><img src=\"https:\/\/iminbokhylla.se\/wp-content\/uploads\/2013\/06\/20130625-103544.jpg\" alt=\"20130625-103544.jpg\" class=\"alignnone size-full\" \/><\/a><\/p>\n","protected":false},"excerpt":{"rendered":"<p>&#8230; mer tid (inte Godot allts\u00e5). Delar min tid mellan flytt, jobb och sociala aktiviteter just nu. L\u00e4ser en del, skriver mindre. Som ni m\u00e4rker. Som liten pausbild f\u00e5r ni den h\u00e4r:<\/p>\n","protected":false},"author":1,"featured_media":0,"comment_status":"open","ping_status":"open","sticky":false,"template":"","format":"standard","meta":[],"categories":[4],"tags":[9],"featured_image_src":null,"featured_image_src_square":null,"author_info":{"display_name":"Josefine","author_link":"https:\/\/iminbokhylla.se\/?author=1"},"_links":{"self":[{"href":"https:\/\/iminbokhylla.se\/index.php?rest_route=\/wp\/v2\/posts\/3587"}],"collection":[{"href":"https:\/\/iminbokhylla.se\/index.php?rest_route=\/wp\/v2\/posts"}],"about":[{"href":"https:\/\/iminbokhylla.se\/index.php?rest_route=\/wp\/v2\/types\/post"}],"author":[{"embeddable":true,"href":"https:\/\/iminbokhylla.se\/index.php?rest_route=\/wp\/v2\/users\/1"}],"replies":[{"embeddable":true,"href":"https:\/\/iminbokhylla.se\/index.php?rest_route=%2Fwp%2Fv2%2Fcomments&post=3587"}],"version-history":[{"count":0,"href":"https:\/\/iminbokhylla.se\/index.php?rest_route=\/wp\/v2\/posts\/3587\/revisions"}],"wp:attachment":[{"href":"https:\/\/iminbokhylla.se\/index.php?rest_route=%2Fwp%2Fv2%2Fmedia&parent=3587"}],"wp:term":[{"taxonomy":"category","embeddable":true,"href":"https:\/\/iminbokhylla.se\/index.php?rest_route=%2Fwp%2Fv2%2Fcategories&post=3587"},{"taxonomy":"post_tag","embeddable":true,"href":"https:\/\/iminbokhylla.se\/index.php?rest_route=%2Fwp%2Fv2%2Ftags&post=3587"}],"curies":[{"name":"wp","href":"https:\/\/api.w.org\/{rel}","templated":true}]}}