{"id":3574,"date":"2013-06-14T17:30:55","date_gmt":"2013-06-14T15:30:55","guid":{"rendered":"https:\/\/iminbokhylla.se\/?p=3574"},"modified":"2013-07-01T10:41:23","modified_gmt":"2013-07-01T08:41:23","slug":"dags-att-packa-ned-alla-bocker","status":"publish","type":"post","link":"https:\/\/iminbokhylla.se\/?p=3574","title":{"rendered":"Dags att packa ned alla b\u00f6cker"},"content":{"rendered":"<p>S\u00e5 \u00e4r det klart, <a href=\"http:\/\/www.granding.se\/2013\/06\/14\/vi-ska-flytta\/\">vi ska flytta<\/a>. Det \u00e4r d\u00e4rf\u00f6r alla b\u00f6cker i min ol\u00e4stah\u00f6g hamnat i p\u00e5sar p\u00e5 vinden och jag har f\u00e5tt l\u00e4sa det som dykt upp n\u00e4r man stuckit ned handen. P\u00e5 s\u00f6ndag kommer flyttkartongerna. Vi b\u00f6rjar med bokhyllan f\u00f6r att sedan kunna anv\u00e4nda biblioteket som kartongplats. <\/p>\n<p>Nya l\u00e4genheten \u00e4r v\u00e4ldigt &#8221;fri&#8221; s\u00e5 vi har \u00e4nnu ingen aning om var vi ska sova, var vi ska ha b\u00f6cker osv. Det f\u00e5r vi m\u00e4rka efter att ha flyttat in. En sak vet vi i alla fall: vi m\u00e5ste platsbygga bokhyllor igen.<\/p>\n<p>Undrar hur m\u00e5nga kartonger som kommer kr\u00e4vas bara till b\u00f6cker?<br \/>\n<a href=\"http:\/\/www.flickr.com\/photos\/granding\/6096517235\/\" title=\"Min bokhylla by Granding, on Flickr\"><img loading=\"lazy\" src=\"http:\/\/farm7.staticflickr.com\/6185\/6096517235_81a239f3d2.jpg\" width=\"500\" height=\"374\" alt=\"Min bokhylla\"><\/a><\/p>\n","protected":false},"excerpt":{"rendered":"<p>S\u00e5 \u00e4r det klart, vi ska flytta. Det \u00e4r d\u00e4rf\u00f6r alla b\u00f6cker i min ol\u00e4stah\u00f6g hamnat i p\u00e5sar p\u00e5 vinden och jag har f\u00e5tt l\u00e4sa det som dykt upp n\u00e4r man stuckit ned handen. P\u00e5 s\u00f6ndag kommer flyttkartongerna. Vi b\u00f6rjar med bokhyllan f\u00f6r att sedan kunna anv\u00e4nda biblioteket som kartongplats. Nya l\u00e4genheten \u00e4r v\u00e4ldigt &#8221;fri&#8221; &hellip; <a href=\"https:\/\/iminbokhylla.se\/?p=3574\" class=\"more-link\">Forts\u00e4tt l\u00e4sa<span class=\"screen-reader-text\"> \u201dDags att packa ned alla b\u00f6cker\u201d<\/span><\/a><\/p>\n","protected":false},"author":1,"featured_media":0,"comment_status":"open","ping_status":"open","sticky":false,"template":"","format":"standard","meta":[],"categories":[4],"tags":[9],"featured_image_src":null,"featured_image_src_square":null,"author_info":{"display_name":"Josefine","author_link":"https:\/\/iminbokhylla.se\/?author=1"},"_links":{"self":[{"href":"https:\/\/iminbokhylla.se\/index.php?rest_route=\/wp\/v2\/posts\/3574"}],"collection":[{"href":"https:\/\/iminbokhylla.se\/index.php?rest_route=\/wp\/v2\/posts"}],"about":[{"href":"https:\/\/iminbokhylla.se\/index.php?rest_route=\/wp\/v2\/types\/post"}],"author":[{"embeddable":true,"href":"https:\/\/iminbokhylla.se\/index.php?rest_route=\/wp\/v2\/users\/1"}],"replies":[{"embeddable":true,"href":"https:\/\/iminbokhylla.se\/index.php?rest_route=%2Fwp%2Fv2%2Fcomments&post=3574"}],"version-history":[{"count":0,"href":"https:\/\/iminbokhylla.se\/index.php?rest_route=\/wp\/v2\/posts\/3574\/revisions"}],"wp:attachment":[{"href":"https:\/\/iminbokhylla.se\/index.php?rest_route=%2Fwp%2Fv2%2Fmedia&parent=3574"}],"wp:term":[{"taxonomy":"category","embeddable":true,"href":"https:\/\/iminbokhylla.se\/index.php?rest_route=%2Fwp%2Fv2%2Fcategories&post=3574"},{"taxonomy":"post_tag","embeddable":true,"href":"https:\/\/iminbokhylla.se\/index.php?rest_route=%2Fwp%2Fv2%2Ftags&post=3574"}],"curies":[{"name":"wp","href":"https:\/\/api.w.org\/{rel}","templated":true}]}}