{"id":3566,"date":"2013-05-31T17:49:01","date_gmt":"2013-05-31T15:49:01","guid":{"rendered":"https:\/\/iminbokhylla.se\/?p=3566"},"modified":"2013-05-31T17:49:01","modified_gmt":"2013-05-31T15:49:01","slug":"bokvykort-fran-amsterdam","status":"publish","type":"post","link":"https:\/\/iminbokhylla.se\/?p=3566","title":{"rendered":"Bokvykort fr\u00e5n Amsterdam"},"content":{"rendered":"<p><a href=\"https:\/\/iminbokhylla.se\/wp-content\/uploads\/2013\/05\/20130531-174759.jpg\"><img src=\"https:\/\/iminbokhylla.se\/wp-content\/uploads\/2013\/05\/20130531-174759.jpg\" alt=\"20130531-174759.jpg\" class=\"alignnone size-full\" \/><\/a><\/p>\n<p>H\u00e4lsningar fr\u00e5n Amsterdam! H\u00e4r: en bokmarknad.<\/p>\n","protected":false},"excerpt":{"rendered":"<p>H\u00e4lsningar fr\u00e5n Amsterdam! H\u00e4r: en bokmarknad.<\/p>\n","protected":false},"author":1,"featured_media":0,"comment_status":"open","ping_status":"open","sticky":false,"template":"","format":"standard","meta":[],"categories":[4],"tags":[9],"featured_image_src":null,"featured_image_src_square":null,"author_info":{"display_name":"Josefine","author_link":"https:\/\/iminbokhylla.se\/?author=1"},"_links":{"self":[{"href":"https:\/\/iminbokhylla.se\/index.php?rest_route=\/wp\/v2\/posts\/3566"}],"collection":[{"href":"https:\/\/iminbokhylla.se\/index.php?rest_route=\/wp\/v2\/posts"}],"about":[{"href":"https:\/\/iminbokhylla.se\/index.php?rest_route=\/wp\/v2\/types\/post"}],"author":[{"embeddable":true,"href":"https:\/\/iminbokhylla.se\/index.php?rest_route=\/wp\/v2\/users\/1"}],"replies":[{"embeddable":true,"href":"https:\/\/iminbokhylla.se\/index.php?rest_route=%2Fwp%2Fv2%2Fcomments&post=3566"}],"version-history":[{"count":0,"href":"https:\/\/iminbokhylla.se\/index.php?rest_route=\/wp\/v2\/posts\/3566\/revisions"}],"wp:attachment":[{"href":"https:\/\/iminbokhylla.se\/index.php?rest_route=%2Fwp%2Fv2%2Fmedia&parent=3566"}],"wp:term":[{"taxonomy":"category","embeddable":true,"href":"https:\/\/iminbokhylla.se\/index.php?rest_route=%2Fwp%2Fv2%2Fcategories&post=3566"},{"taxonomy":"post_tag","embeddable":true,"href":"https:\/\/iminbokhylla.se\/index.php?rest_route=%2Fwp%2Fv2%2Ftags&post=3566"}],"curies":[{"name":"wp","href":"https:\/\/api.w.org\/{rel}","templated":true}]}}