{"id":3563,"date":"2013-05-28T11:45:08","date_gmt":"2013-05-28T09:45:08","guid":{"rendered":"https:\/\/iminbokhylla.se\/?p=3563"},"modified":"2013-05-28T22:33:26","modified_gmt":"2013-05-28T20:33:26","slug":"att-ta-med-till-amsterdam","status":"publish","type":"post","link":"https:\/\/iminbokhylla.se\/?p=3563","title":{"rendered":"Att ta med till Amsterdam"},"content":{"rendered":"<p>P\u00e5 torsdag reser vi till Amsterdam, sambon, mamma och jag. Mamma fick resan av oss i f\u00f6delsedagspresent och nu \u00e4r det allts\u00e5 dags. <\/p>\n<p>Och som vanligt funderar jag \u00f6ver bokpackningen. Backupb\u00f6cker i ipaden ja, men sen d\u00e5? Av olika anledningar ligger mina ol\u00e4sta b\u00f6cker i kartonger just nu, s\u00e5 det f\u00e5r bli den jag f\u00e5r tag p\u00e5 n\u00e4r jag sticker ned handen i den \u00f6versta kartongen antar jag. <\/p>\n<p>Vad tar du med f\u00f6r bokpackning, mamma? <\/p>\n<p><a href=\"https:\/\/iminbokhylla.se\/wp-content\/uploads\/2013\/05\/20130527-214436.jpg\"><img src=\"https:\/\/iminbokhylla.se\/wp-content\/uploads\/2013\/05\/20130527-214436.jpg\" alt=\"20130527-214436.jpg\" class=\"alignnone size-full\" \/><\/a><\/p>\n","protected":false},"excerpt":{"rendered":"<p>P\u00e5 torsdag reser vi till Amsterdam, sambon, mamma och jag. Mamma fick resan av oss i f\u00f6delsedagspresent och nu \u00e4r det allts\u00e5 dags. Och som vanligt funderar jag \u00f6ver bokpackningen. Backupb\u00f6cker i ipaden ja, men sen d\u00e5? Av olika anledningar ligger mina ol\u00e4sta b\u00f6cker i kartonger just nu, s\u00e5 det f\u00e5r bli den jag f\u00e5r &hellip; <a href=\"https:\/\/iminbokhylla.se\/?p=3563\" class=\"more-link\">Forts\u00e4tt l\u00e4sa<span class=\"screen-reader-text\"> \u201dAtt ta med till Amsterdam\u201d<\/span><\/a><\/p>\n","protected":false},"author":1,"featured_media":0,"comment_status":"open","ping_status":"open","sticky":false,"template":"","format":"standard","meta":[],"categories":[4],"tags":[9],"featured_image_src":null,"featured_image_src_square":null,"author_info":{"display_name":"Josefine","author_link":"https:\/\/iminbokhylla.se\/?author=1"},"_links":{"self":[{"href":"https:\/\/iminbokhylla.se\/index.php?rest_route=\/wp\/v2\/posts\/3563"}],"collection":[{"href":"https:\/\/iminbokhylla.se\/index.php?rest_route=\/wp\/v2\/posts"}],"about":[{"href":"https:\/\/iminbokhylla.se\/index.php?rest_route=\/wp\/v2\/types\/post"}],"author":[{"embeddable":true,"href":"https:\/\/iminbokhylla.se\/index.php?rest_route=\/wp\/v2\/users\/1"}],"replies":[{"embeddable":true,"href":"https:\/\/iminbokhylla.se\/index.php?rest_route=%2Fwp%2Fv2%2Fcomments&post=3563"}],"version-history":[{"count":0,"href":"https:\/\/iminbokhylla.se\/index.php?rest_route=\/wp\/v2\/posts\/3563\/revisions"}],"wp:attachment":[{"href":"https:\/\/iminbokhylla.se\/index.php?rest_route=%2Fwp%2Fv2%2Fmedia&parent=3563"}],"wp:term":[{"taxonomy":"category","embeddable":true,"href":"https:\/\/iminbokhylla.se\/index.php?rest_route=%2Fwp%2Fv2%2Fcategories&post=3563"},{"taxonomy":"post_tag","embeddable":true,"href":"https:\/\/iminbokhylla.se\/index.php?rest_route=%2Fwp%2Fv2%2Ftags&post=3563"}],"curies":[{"name":"wp","href":"https:\/\/api.w.org\/{rel}","templated":true}]}}