{"id":3522,"date":"2013-04-25T12:38:23","date_gmt":"2013-04-25T10:38:23","guid":{"rendered":"https:\/\/iminbokhylla.se\/?p=3522"},"modified":"2013-04-21T22:43:39","modified_gmt":"2013-04-21T20:43:39","slug":"ester-i-min-hylla","status":"publish","type":"post","link":"https:\/\/iminbokhylla.se\/?p=3522","title":{"rendered":"Ester i min hylla"},"content":{"rendered":"<p>Har ni sett de d\u00e4r <a href=\"http:\/\/www.kb.se\/aktuellt\/Butik-och-Publikationer\/Butiken-presentartiklar\/Bokstod\/\">bokst\u00f6den som finns med bland annat Evert Taube<\/a>? Ni vet, med den k\u00e4nda personens portr\u00e4tt i svartlackerad j\u00e4rn? S\u00e4llskapet f\u00f6r Ester Ringn\u00e9r-Lundgren, <a href=\"https:\/\/iminbokhylla.se\/?p=19\">Lottaf\u00f6rfattaren<\/a>, har tagit fram egna i form av Ester. <\/p>\n<p>Jag beh\u00f6ver inga bokst\u00f6d, men s\u00e5h\u00e4r fint blev det n\u00e4r jag v\u00e4nde det \u00e5t &#8221;fel&#8221; h\u00e5ll: <\/p>\n<p><a href=\"http:\/\/www.flickr.com\/photos\/granding\/8667757475\/\" title=\"Ester i bokhyllan! by Granding, on Flickr\"><img loading=\"lazy\" src=\"http:\/\/farm9.staticflickr.com\/8399\/8667757475_3cbe84bb68.jpg\" width=\"500\" height=\"500\" alt=\"Ester i bokhyllan!\"><\/a><\/p>\n","protected":false},"excerpt":{"rendered":"<p>Har ni sett de d\u00e4r bokst\u00f6den som finns med bland annat Evert Taube? Ni vet, med den k\u00e4nda personens portr\u00e4tt i svartlackerad j\u00e4rn? S\u00e4llskapet f\u00f6r Ester Ringn\u00e9r-Lundgren, Lottaf\u00f6rfattaren, har tagit fram egna i form av Ester. Jag beh\u00f6ver inga bokst\u00f6d, men s\u00e5h\u00e4r fint blev det n\u00e4r jag v\u00e4nde det \u00e5t &#8221;fel&#8221; h\u00e5ll:<\/p>\n","protected":false},"author":1,"featured_media":0,"comment_status":"open","ping_status":"open","sticky":false,"template":"","format":"standard","meta":[],"categories":[4],"tags":[9],"featured_image_src":null,"featured_image_src_square":null,"author_info":{"display_name":"Josefine","author_link":"https:\/\/iminbokhylla.se\/?author=1"},"_links":{"self":[{"href":"https:\/\/iminbokhylla.se\/index.php?rest_route=\/wp\/v2\/posts\/3522"}],"collection":[{"href":"https:\/\/iminbokhylla.se\/index.php?rest_route=\/wp\/v2\/posts"}],"about":[{"href":"https:\/\/iminbokhylla.se\/index.php?rest_route=\/wp\/v2\/types\/post"}],"author":[{"embeddable":true,"href":"https:\/\/iminbokhylla.se\/index.php?rest_route=\/wp\/v2\/users\/1"}],"replies":[{"embeddable":true,"href":"https:\/\/iminbokhylla.se\/index.php?rest_route=%2Fwp%2Fv2%2Fcomments&post=3522"}],"version-history":[{"count":0,"href":"https:\/\/iminbokhylla.se\/index.php?rest_route=\/wp\/v2\/posts\/3522\/revisions"}],"wp:attachment":[{"href":"https:\/\/iminbokhylla.se\/index.php?rest_route=%2Fwp%2Fv2%2Fmedia&parent=3522"}],"wp:term":[{"taxonomy":"category","embeddable":true,"href":"https:\/\/iminbokhylla.se\/index.php?rest_route=%2Fwp%2Fv2%2Fcategories&post=3522"},{"taxonomy":"post_tag","embeddable":true,"href":"https:\/\/iminbokhylla.se\/index.php?rest_route=%2Fwp%2Fv2%2Ftags&post=3522"}],"curies":[{"name":"wp","href":"https:\/\/api.w.org\/{rel}","templated":true}]}}