{"id":3519,"date":"2013-04-23T10:32:31","date_gmt":"2013-04-23T08:32:31","guid":{"rendered":"https:\/\/iminbokhylla.se\/?p=3519"},"modified":"2013-04-21T22:38:16","modified_gmt":"2013-04-21T20:38:16","slug":"iranskt-tema-pa-forfattarsondag-pa-berns","status":"publish","type":"post","link":"https:\/\/iminbokhylla.se\/?p=3519","title":{"rendered":"Iranskt tema p\u00e5 F\u00f6rfattars\u00f6ndag p\u00e5 Berns"},"content":{"rendered":"<p>Efter Bokresan \u00e5kte jag hem, l\u00e4mnade v\u00e4skan, och gav mig direkt av p\u00e5 n\u00e4sta bokevenemang. Det var Damm F\u00f6rlag som bjudit in till &#8221;F\u00f6rfattars\u00f6ndag&#8221;, ett nytt event p\u00e5 Berns. <\/p>\n<p>Idag samtalade svensk-iranska f\u00f6rfattaren Golnaz Hashemzadeh med iransk-amerikanska f\u00f6rfattaren Dina Nayeri. Dina har precis givit ut boken <a href=\"http:\/\/www.adlibris.com\/se\/product.aspx?isbn=9173517372\">En tesked jord och hav<\/a> s\u00e5 samtalet kretsade kring den, kring att vara invandrare, att inte h\u00f6ra hemma, att ha frihet p\u00e5 olika s\u00e4tt. Mycket sp\u00e4nnande! Och en fantastisk s\u00f6ndagsaktivitet. <\/p>\n<p><a href=\"http:\/\/www.flickr.com\/photos\/granding\/8668798668\/\" title=\"Dina Nayeri och Golnaz Hashemzadeh i f\u00f6rfattarsamtal p\u00e5 Berns by Granding, on Flickr\"><img loading=\"lazy\" src=\"http:\/\/farm9.staticflickr.com\/8406\/8668798668_1d8654d5ca.jpg\" width=\"500\" height=\"500\" alt=\"Dina Nayeri och Golnaz Hashemzadeh i f\u00f6rfattarsamtal p\u00e5 Berns\"><\/a><\/p>\n<p><a href=\"http:\/\/www.flickr.com\/photos\/granding\/8668801972\/\" title=\"Dina Nayeri pratar med Golnaz Hashemzadeh om b\u00f6cker, f\u00f6rfattarskap och Iran p\u00e5 Berns by Granding, on Flickr\"><img loading=\"lazy\" src=\"http:\/\/farm9.staticflickr.com\/8392\/8668801972_71015d2607.jpg\" width=\"500\" height=\"500\" alt=\"Dina Nayeri pratar med Golnaz Hashemzadeh om b\u00f6cker, f\u00f6rfattarskap och Iran p\u00e5 Berns\"><\/a><\/p>\n","protected":false},"excerpt":{"rendered":"<p>Efter Bokresan \u00e5kte jag hem, l\u00e4mnade v\u00e4skan, och gav mig direkt av p\u00e5 n\u00e4sta bokevenemang. Det var Damm F\u00f6rlag som bjudit in till &#8221;F\u00f6rfattars\u00f6ndag&#8221;, ett nytt event p\u00e5 Berns. Idag samtalade svensk-iranska f\u00f6rfattaren Golnaz Hashemzadeh med iransk-amerikanska f\u00f6rfattaren Dina Nayeri. Dina har precis givit ut boken En tesked jord och hav s\u00e5 samtalet kretsade kring &hellip; <a href=\"https:\/\/iminbokhylla.se\/?p=3519\" class=\"more-link\">Forts\u00e4tt l\u00e4sa<span class=\"screen-reader-text\"> \u201dIranskt tema p\u00e5 F\u00f6rfattars\u00f6ndag p\u00e5 Berns\u201d<\/span><\/a><\/p>\n","protected":false},"author":1,"featured_media":0,"comment_status":"open","ping_status":"open","sticky":false,"template":"","format":"standard","meta":[],"categories":[4],"tags":[9],"featured_image_src":null,"featured_image_src_square":null,"author_info":{"display_name":"Josefine","author_link":"https:\/\/iminbokhylla.se\/?author=1"},"_links":{"self":[{"href":"https:\/\/iminbokhylla.se\/index.php?rest_route=\/wp\/v2\/posts\/3519"}],"collection":[{"href":"https:\/\/iminbokhylla.se\/index.php?rest_route=\/wp\/v2\/posts"}],"about":[{"href":"https:\/\/iminbokhylla.se\/index.php?rest_route=\/wp\/v2\/types\/post"}],"author":[{"embeddable":true,"href":"https:\/\/iminbokhylla.se\/index.php?rest_route=\/wp\/v2\/users\/1"}],"replies":[{"embeddable":true,"href":"https:\/\/iminbokhylla.se\/index.php?rest_route=%2Fwp%2Fv2%2Fcomments&post=3519"}],"version-history":[{"count":0,"href":"https:\/\/iminbokhylla.se\/index.php?rest_route=\/wp\/v2\/posts\/3519\/revisions"}],"wp:attachment":[{"href":"https:\/\/iminbokhylla.se\/index.php?rest_route=%2Fwp%2Fv2%2Fmedia&parent=3519"}],"wp:term":[{"taxonomy":"category","embeddable":true,"href":"https:\/\/iminbokhylla.se\/index.php?rest_route=%2Fwp%2Fv2%2Fcategories&post=3519"},{"taxonomy":"post_tag","embeddable":true,"href":"https:\/\/iminbokhylla.se\/index.php?rest_route=%2Fwp%2Fv2%2Ftags&post=3519"}],"curies":[{"name":"wp","href":"https:\/\/api.w.org\/{rel}","templated":true}]}}