{"id":3516,"date":"2013-04-22T08:23:27","date_gmt":"2013-04-22T06:23:27","guid":{"rendered":"https:\/\/iminbokhylla.se\/?p=3516"},"modified":"2013-04-21T22:32:16","modified_gmt":"2013-04-21T20:32:16","slug":"bokresan-dag-3-150-nya-sidor","status":"publish","type":"post","link":"https:\/\/iminbokhylla.se\/?p=3516","title":{"rendered":"Bokresan dag 3: 150 nya sidor"},"content":{"rendered":"<p>Sista dagen slutade redan vid lunchtid men jag hann \u00e4nd\u00e5 med att l\u00e4sa ca 150 sidor. T\u00e4nk att det \u00e4r s\u00e5 trevligt att sitta ihop med andra m\u00e4nniskor och l\u00e4sa! \u00c4ven om alla l\u00e4ser helt olika b\u00f6cker. En hel del bokprat blev det f\u00f6rst\u00e5s ocks\u00e5. <\/p>\n<p>17 b\u00f6cker kom jag hem med. Helt galet! 14 fik vi ig\u00e5r, och jag var s\u00e5 n\u00f6jd med att ha f\u00e5tt ned dem allihop i v\u00e4skan (jag \u00e4r svinduktig p\u00e5 att packa v\u00e4skor, en dold talang). S\u00e5 n\u00f6jd att jag blev lite stressad n\u00e4r det blev 3 nya b\u00f6cker idag. Men jod\u00e5, jag fick ned dem allihop ocks\u00e5. Men det var en tung v\u00e4ska att f\u00e5 hem. <\/p>\n<p>Men nu \u00e4r Bokresan slut f\u00f6r i \u00e5r. Jag hoppas verkligen p\u00e5 att det blir en n\u00e4sta \u00e5r ocks\u00e5. I s\u00e5 fall \u00e4r jag definitivt med!<\/p>\n<p><a href=\"http:\/\/www.flickr.com\/photos\/granding\/8668011666\/\" title=\"Fler b\u00f6cker ... #bokresan2013 by Granding, on Flickr\"><img loading=\"lazy\" src=\"http:\/\/farm9.staticflickr.com\/8538\/8668011666_b595d0c628.jpg\" width=\"500\" height=\"500\" alt=\"Fler b\u00f6cker ... #bokresan2013\"><\/a><\/p>\n","protected":false},"excerpt":{"rendered":"<p>Sista dagen slutade redan vid lunchtid men jag hann \u00e4nd\u00e5 med att l\u00e4sa ca 150 sidor. T\u00e4nk att det \u00e4r s\u00e5 trevligt att sitta ihop med andra m\u00e4nniskor och l\u00e4sa! \u00c4ven om alla l\u00e4ser helt olika b\u00f6cker. En hel del bokprat blev det f\u00f6rst\u00e5s ocks\u00e5. 17 b\u00f6cker kom jag hem med. Helt galet! 14 fik &hellip; <a href=\"https:\/\/iminbokhylla.se\/?p=3516\" class=\"more-link\">Forts\u00e4tt l\u00e4sa<span class=\"screen-reader-text\"> \u201dBokresan dag 3: 150 nya sidor\u201d<\/span><\/a><\/p>\n","protected":false},"author":1,"featured_media":0,"comment_status":"open","ping_status":"open","sticky":false,"template":"","format":"standard","meta":[],"categories":[4],"tags":[9],"featured_image_src":null,"featured_image_src_square":null,"author_info":{"display_name":"Josefine","author_link":"https:\/\/iminbokhylla.se\/?author=1"},"_links":{"self":[{"href":"https:\/\/iminbokhylla.se\/index.php?rest_route=\/wp\/v2\/posts\/3516"}],"collection":[{"href":"https:\/\/iminbokhylla.se\/index.php?rest_route=\/wp\/v2\/posts"}],"about":[{"href":"https:\/\/iminbokhylla.se\/index.php?rest_route=\/wp\/v2\/types\/post"}],"author":[{"embeddable":true,"href":"https:\/\/iminbokhylla.se\/index.php?rest_route=\/wp\/v2\/users\/1"}],"replies":[{"embeddable":true,"href":"https:\/\/iminbokhylla.se\/index.php?rest_route=%2Fwp%2Fv2%2Fcomments&post=3516"}],"version-history":[{"count":0,"href":"https:\/\/iminbokhylla.se\/index.php?rest_route=\/wp\/v2\/posts\/3516\/revisions"}],"wp:attachment":[{"href":"https:\/\/iminbokhylla.se\/index.php?rest_route=%2Fwp%2Fv2%2Fmedia&parent=3516"}],"wp:term":[{"taxonomy":"category","embeddable":true,"href":"https:\/\/iminbokhylla.se\/index.php?rest_route=%2Fwp%2Fv2%2Fcategories&post=3516"},{"taxonomy":"post_tag","embeddable":true,"href":"https:\/\/iminbokhylla.se\/index.php?rest_route=%2Fwp%2Fv2%2Ftags&post=3516"}],"curies":[{"name":"wp","href":"https:\/\/api.w.org\/{rel}","templated":true}]}}