{"id":3511,"date":"2013-04-21T14:25:50","date_gmt":"2013-04-21T12:25:50","guid":{"rendered":"https:\/\/iminbokhylla.se\/?p=3511"},"modified":"2013-04-21T14:22:44","modified_gmt":"2013-04-21T12:22:44","slug":"bokresan-dag-2-300-sidor-lasning-och-forfattarbesok","status":"publish","type":"post","link":"https:\/\/iminbokhylla.se\/?p=3511","title":{"rendered":"Bokresan dag 2: 400 sidor l\u00e4sning och f\u00f6rfattarbes\u00f6k"},"content":{"rendered":"<p>I \u00e5r har jag haft mer l\u00e4stid \u00e4n f\u00f6rra \u00e5ret. Gick faktiskt bara p\u00e5 en programpunkt under dag tv\u00e5: f\u00f6rfattarbes\u00f6k av Valle Wigers. I \u00f6vrigt har jag l\u00e4st. \u00d6ver 400 sidor har det blivit idag. <\/p>\n<p>Dagens stora irritationsmoment \u00e4r att jag inte kunnat ladda upp bilder p\u00e5 Twitter. Och det kan man ju leva med. Speciellt som man kan pumpa in lite bilder h\u00e4r ist\u00e4llet. <\/p>\n<p><a href=\"http:\/\/www.flickr.com\/photos\/granding\/8665317630\/\" title=\"F\u00f6rsta boken utl\u00e4st! #bokresan2013 by Granding, on Flickr\"><img loading=\"lazy\" src=\"http:\/\/farm9.staticflickr.com\/8246\/8665317630_7ddbbee846.jpg\" width=\"500\" height=\"500\" alt=\"F\u00f6rsta boken utl\u00e4st! #bokresan2013\"><\/a><\/p>\n<p><a href=\"http:\/\/www.flickr.com\/photos\/granding\/8664387501\/\" title=\"Stod bara inte ut med mer knarkdetaljer. Livet \u00e4r f\u00f6r kort. Sorry Keith Richards, du \u00e4r utbytt mot goodie bagbok. #bokresan2013 by Granding, on Flickr\"><img loading=\"lazy\" src=\"http:\/\/farm9.staticflickr.com\/8260\/8664387501_fc07901ea7.jpg\" width=\"500\" height=\"500\" alt=\"Stod bara inte ut med mer knarkdetaljer. Livet \u00e4r f\u00f6r kort. Sorry Keith Richards, du \u00e4r utbytt mot goodie bagbok. #bokresan2013\"><\/a><br \/>\n<a href=\"http:\/\/www.flickr.com\/photos\/granding\/8664418273\/\" title=\"F\u00f6rfattare p\u00e5 bes\u00f6k: Valle Vigers #bokresan2013 by Granding, on Flickr\"><img loading=\"lazy\" src=\"http:\/\/farm9.staticflickr.com\/8259\/8664418273_b4ff166311.jpg\" width=\"500\" height=\"500\" alt=\"F\u00f6rfattare p\u00e5 bes\u00f6k: Valle Vigers #bokresan2013\"><\/a><\/p>\n","protected":false},"excerpt":{"rendered":"<p>I \u00e5r har jag haft mer l\u00e4stid \u00e4n f\u00f6rra \u00e5ret. Gick faktiskt bara p\u00e5 en programpunkt under dag tv\u00e5: f\u00f6rfattarbes\u00f6k av Valle Wigers. I \u00f6vrigt har jag l\u00e4st. \u00d6ver 400 sidor har det blivit idag. Dagens stora irritationsmoment \u00e4r att jag inte kunnat ladda upp bilder p\u00e5 Twitter. Och det kan man ju leva med. &hellip; <a href=\"https:\/\/iminbokhylla.se\/?p=3511\" class=\"more-link\">Forts\u00e4tt l\u00e4sa<span class=\"screen-reader-text\"> \u201dBokresan dag 2: 400 sidor l\u00e4sning och f\u00f6rfattarbes\u00f6k\u201d<\/span><\/a><\/p>\n","protected":false},"author":1,"featured_media":0,"comment_status":"open","ping_status":"open","sticky":false,"template":"","format":"standard","meta":[],"categories":[4],"tags":[9],"featured_image_src":null,"featured_image_src_square":null,"author_info":{"display_name":"Josefine","author_link":"https:\/\/iminbokhylla.se\/?author=1"},"_links":{"self":[{"href":"https:\/\/iminbokhylla.se\/index.php?rest_route=\/wp\/v2\/posts\/3511"}],"collection":[{"href":"https:\/\/iminbokhylla.se\/index.php?rest_route=\/wp\/v2\/posts"}],"about":[{"href":"https:\/\/iminbokhylla.se\/index.php?rest_route=\/wp\/v2\/types\/post"}],"author":[{"embeddable":true,"href":"https:\/\/iminbokhylla.se\/index.php?rest_route=\/wp\/v2\/users\/1"}],"replies":[{"embeddable":true,"href":"https:\/\/iminbokhylla.se\/index.php?rest_route=%2Fwp%2Fv2%2Fcomments&post=3511"}],"version-history":[{"count":0,"href":"https:\/\/iminbokhylla.se\/index.php?rest_route=\/wp\/v2\/posts\/3511\/revisions"}],"wp:attachment":[{"href":"https:\/\/iminbokhylla.se\/index.php?rest_route=%2Fwp%2Fv2%2Fmedia&parent=3511"}],"wp:term":[{"taxonomy":"category","embeddable":true,"href":"https:\/\/iminbokhylla.se\/index.php?rest_route=%2Fwp%2Fv2%2Fcategories&post=3511"},{"taxonomy":"post_tag","embeddable":true,"href":"https:\/\/iminbokhylla.se\/index.php?rest_route=%2Fwp%2Fv2%2Ftags&post=3511"}],"curies":[{"name":"wp","href":"https:\/\/api.w.org\/{rel}","templated":true}]}}