{"id":3502,"date":"2013-04-17T15:36:59","date_gmt":"2013-04-17T13:36:59","guid":{"rendered":"https:\/\/iminbokhylla.se\/?p=3502"},"modified":"2013-04-17T15:36:59","modified_gmt":"2013-04-17T13:36:59","slug":"hur-packar-man-for-en-bokresa","status":"publish","type":"post","link":"https:\/\/iminbokhylla.se\/?p=3502","title":{"rendered":"Hur packar man f\u00f6r en bokresa?"},"content":{"rendered":"<p>Hur packar man egentligen inf\u00f6r en bokresa? Det handlar bara om tv\u00e5 n\u00e4tter, s\u00e5 s\u00e5 mycket kl\u00e4der beh\u00f6vs ju inte. Men vis fr\u00e5n f\u00f6rra \u00e5ret kommer jag ha en stor v\u00e4ska. D\u00e5 fick vi n\u00e4mligen en av de st\u00f6rsta goodie bags jag n\u00e5gonsin sett (sl\u00e5s enbart av den vi blogambassad\u00f6rer fick p\u00e5 Bokm\u00e4ssan f\u00f6rra \u00e5ret). <\/p>\n<p>F\u00f6rra \u00e5ret \u00e5kte vi i min (n\u00e5ja, pappas) bil, och d\u00e5 kunde jag sl\u00e4nga in saker lite l\u00f6st, men i \u00e5r har vi Ms bil och d\u00e5 m\u00e5ste jag ju t\u00e4nka p\u00e5 hur jag ska f\u00e5 hem grejerna efter att vi skiljs \u00e5t. Inget s\u00e4ger i och f\u00f6r sig att det blir en lika stor p\u00e5se i \u00e5r, men n\u00e5got blir det i alla fall, har Bokresan skvallrat om. S\u00e5 jag kommer k\u00f6ra med en kabinv\u00e4ska. Ekande tom p\u00e5 v\u00e4gen dit, men med lite mer inneh\u00e5ll p\u00e5 v\u00e4gen hem. Dessutom m\u00e5ste jag ju ha med mig n\u00e5gra b\u00f6cker att l\u00e4sa ocks\u00e5. Klart jag inte \u00e5ker p\u00e5 en bokresa utan b\u00f6cker! \ud83d\ude42<\/p>\n<p><a href=\"https:\/\/iminbokhylla.se\/wp-content\/uploads\/2013\/04\/small_BookStackClipped.jpg\"><img loading=\"lazy\" src=\"https:\/\/iminbokhylla.se\/wp-content\/uploads\/2013\/04\/small_BookStackClipped-175x300.jpg\" alt=\"Bokh\u00f6g\" width=\"175\" height=\"300\" class=\"alignnone size-medium wp-image-3503\" srcset=\"https:\/\/iminbokhylla.se\/wp-content\/uploads\/2013\/04\/small_BookStackClipped-175x300.jpg 175w, https:\/\/iminbokhylla.se\/wp-content\/uploads\/2013\/04\/small_BookStackClipped.jpg 300w\" sizes=\"(max-width: 175px) 85vw, 175px\" \/><\/a><\/p>\n","protected":false},"excerpt":{"rendered":"<p>Hur packar man egentligen inf\u00f6r en bokresa? Det handlar bara om tv\u00e5 n\u00e4tter, s\u00e5 s\u00e5 mycket kl\u00e4der beh\u00f6vs ju inte. Men vis fr\u00e5n f\u00f6rra \u00e5ret kommer jag ha en stor v\u00e4ska. D\u00e5 fick vi n\u00e4mligen en av de st\u00f6rsta goodie bags jag n\u00e5gonsin sett (sl\u00e5s enbart av den vi blogambassad\u00f6rer fick p\u00e5 Bokm\u00e4ssan f\u00f6rra \u00e5ret). &hellip; <a href=\"https:\/\/iminbokhylla.se\/?p=3502\" class=\"more-link\">Forts\u00e4tt l\u00e4sa<span class=\"screen-reader-text\"> \u201dHur packar man f\u00f6r en bokresa?\u201d<\/span><\/a><\/p>\n","protected":false},"author":1,"featured_media":0,"comment_status":"open","ping_status":"open","sticky":false,"template":"","format":"standard","meta":[],"categories":[4],"tags":[9],"featured_image_src":null,"featured_image_src_square":null,"author_info":{"display_name":"Josefine","author_link":"https:\/\/iminbokhylla.se\/?author=1"},"_links":{"self":[{"href":"https:\/\/iminbokhylla.se\/index.php?rest_route=\/wp\/v2\/posts\/3502"}],"collection":[{"href":"https:\/\/iminbokhylla.se\/index.php?rest_route=\/wp\/v2\/posts"}],"about":[{"href":"https:\/\/iminbokhylla.se\/index.php?rest_route=\/wp\/v2\/types\/post"}],"author":[{"embeddable":true,"href":"https:\/\/iminbokhylla.se\/index.php?rest_route=\/wp\/v2\/users\/1"}],"replies":[{"embeddable":true,"href":"https:\/\/iminbokhylla.se\/index.php?rest_route=%2Fwp%2Fv2%2Fcomments&post=3502"}],"version-history":[{"count":0,"href":"https:\/\/iminbokhylla.se\/index.php?rest_route=\/wp\/v2\/posts\/3502\/revisions"}],"wp:attachment":[{"href":"https:\/\/iminbokhylla.se\/index.php?rest_route=%2Fwp%2Fv2%2Fmedia&parent=3502"}],"wp:term":[{"taxonomy":"category","embeddable":true,"href":"https:\/\/iminbokhylla.se\/index.php?rest_route=%2Fwp%2Fv2%2Fcategories&post=3502"},{"taxonomy":"post_tag","embeddable":true,"href":"https:\/\/iminbokhylla.se\/index.php?rest_route=%2Fwp%2Fv2%2Ftags&post=3502"}],"curies":[{"name":"wp","href":"https:\/\/api.w.org\/{rel}","templated":true}]}}