{"id":3465,"date":"2013-03-31T09:35:11","date_gmt":"2013-03-31T07:35:11","guid":{"rendered":"https:\/\/iminbokhylla.se\/?p=3465"},"modified":"2013-03-31T09:36:49","modified_gmt":"2013-03-31T07:36:49","slug":"franskt-i-fatoljen","status":"publish","type":"post","link":"https:\/\/iminbokhylla.se\/?p=3465","title":{"rendered":"Franskt i f\u00e5t\u00f6ljen"},"content":{"rendered":"<p><a href=\"http:\/\/www.flickr.com\/photos\/granding\/8604650531\/\" title=\"Allt jag \u00f6nskar mig by Granding, on Flickr\"><img loading=\"lazy\" src=\"http:\/\/farm9.staticflickr.com\/8262\/8604650531_a0cc2f62b3.jpg\" width=\"322\" height=\"500\" alt=\"Allt jag \u00f6nskar mig\"><\/a><\/p>\n<p>F\u00f6r f\u00f6rsta g\u00e5ngen sedan i januari sitter jag lugnt och stilla ned i en f\u00e5t\u00f6lj och l\u00e4ser. Underbart!<\/p>\n","protected":false},"excerpt":{"rendered":"<p>F\u00f6r f\u00f6rsta g\u00e5ngen sedan i januari sitter jag lugnt och stilla ned i en f\u00e5t\u00f6lj och l\u00e4ser. Underbart!<\/p>\n","protected":false},"author":1,"featured_media":0,"comment_status":"open","ping_status":"open","sticky":false,"template":"","format":"standard","meta":[],"categories":[4],"tags":[9],"featured_image_src":null,"featured_image_src_square":null,"author_info":{"display_name":"Josefine","author_link":"https:\/\/iminbokhylla.se\/?author=1"},"_links":{"self":[{"href":"https:\/\/iminbokhylla.se\/index.php?rest_route=\/wp\/v2\/posts\/3465"}],"collection":[{"href":"https:\/\/iminbokhylla.se\/index.php?rest_route=\/wp\/v2\/posts"}],"about":[{"href":"https:\/\/iminbokhylla.se\/index.php?rest_route=\/wp\/v2\/types\/post"}],"author":[{"embeddable":true,"href":"https:\/\/iminbokhylla.se\/index.php?rest_route=\/wp\/v2\/users\/1"}],"replies":[{"embeddable":true,"href":"https:\/\/iminbokhylla.se\/index.php?rest_route=%2Fwp%2Fv2%2Fcomments&post=3465"}],"version-history":[{"count":0,"href":"https:\/\/iminbokhylla.se\/index.php?rest_route=\/wp\/v2\/posts\/3465\/revisions"}],"wp:attachment":[{"href":"https:\/\/iminbokhylla.se\/index.php?rest_route=%2Fwp%2Fv2%2Fmedia&parent=3465"}],"wp:term":[{"taxonomy":"category","embeddable":true,"href":"https:\/\/iminbokhylla.se\/index.php?rest_route=%2Fwp%2Fv2%2Fcategories&post=3465"},{"taxonomy":"post_tag","embeddable":true,"href":"https:\/\/iminbokhylla.se\/index.php?rest_route=%2Fwp%2Fv2%2Ftags&post=3465"}],"curies":[{"name":"wp","href":"https:\/\/api.w.org\/{rel}","templated":true}]}}