{"id":343,"date":"2011-01-19T16:53:42","date_gmt":"2011-01-19T14:53:42","guid":{"rendered":"https:\/\/iminbokhylla.se\/?p=343"},"modified":"2011-07-27T16:33:42","modified_gmt":"2011-07-27T14:33:42","slug":"rormokaren-battre-an-vantat","status":"publish","type":"post","link":"https:\/\/iminbokhylla.se\/?p=343","title":{"rendered":"R\u00f6rmokaren: b\u00e4ttre \u00e4n v\u00e4ntat"},"content":{"rendered":"<p><strong>Bok:<\/strong> R\u00f6rmokaren<br \/>\n<strong>F\u00f6rfattare<\/strong>: Viggo Cavling<br \/>\n<strong>F\u00f6rlag<\/strong>: M\u00e5npocket<br \/>\n<strong>Sajt<\/strong>: <a href=\"http:\/\/www.resume.se\/asikter\/viggos_dagbok2\/\">Viggos blogg<\/a><\/p>\n<p><em>Disclaimer: F\u00f6rfattaren Viggo och jag arbetar i samma bransch och har tr\u00e4ffats n\u00e5gra g\u00e5nger. Vi \u00e4r dock varken v\u00e4nner eller bekanta.<\/em><\/p>\n<p>Bokens tre huvudpersoner \u00e4r finjournalisten Adam, finanskillen Gabriel och M\u00e5rten, Socialdemokraternas fixare, eller, r\u00f6rmokare. <\/p>\n<p>Mitt i valr\u00f6relsen 2006 f\u00e5ngar en paparazzi en ledande socialdemokrat p\u00e5 bild n\u00e4r han \u00e4r otrogen. M\u00e5rten f\u00e5r i uppdrag att &#8221;fixa det&#8221; och blir lite f\u00f6r v\u00e5ldsam. Adam k\u00f6per inte den officiella historien och b\u00f6rjar gr\u00e4va. Och Gabriel spenderar alldeles f\u00f6r mycket pengar och kommer p\u00e5 en plan f\u00f6r det stora klippet, som han f\u00e5r med M\u00e5rten p\u00e5. <\/p>\n<p><a href=\"http:\/\/www.flickr.com\/photos\/granding\/5364474912\/\" title=\"1 by Granding, on Flickr\"><img loading=\"lazy\" src=\"http:\/\/farm6.static.flickr.com\/5164\/5364474912_28fdc7ed17.jpg\" width=\"185\" height=\"300\" alt=\"1\" \/><\/a><\/p>\n<p><strong>Betyg:<\/strong><br \/>\nJag hade v\u00e4ldigt l\u00e5ga f\u00f6rv\u00e4ntningar innan jag b\u00f6rjade l\u00e4sa, men blev glatt \u00f6verraskad. Greppet med tre huvudpersoner funkar bra, \u00e4ven om man f\u00f6rst\u00e5s f\u00e5r en favorit.<\/p>\n<p>Tyv\u00e4rr faller R\u00f6rmokaren p\u00e5 ett vanligt deckarproblem; den tar slut alldeles f\u00f6r abrupt. K\u00e4nns som att f\u00f6rfattaren helt enkelt tr\u00f6ttnade. En trea.  <\/p>\n<p><img loading=\"lazy\" src=\"https:\/\/iminbokhylla.se\/betyg_3.png\" width=\"472\" height=\"99\" alt=\"betyg\" \/><\/p>\n","protected":false},"excerpt":{"rendered":"<p>Bok: R\u00f6rmokaren F\u00f6rfattare: Viggo Cavling F\u00f6rlag: M\u00e5npocket Sajt: Viggos blogg Disclaimer: F\u00f6rfattaren Viggo och jag arbetar i samma bransch och har tr\u00e4ffats n\u00e5gra g\u00e5nger. Vi \u00e4r dock varken v\u00e4nner eller bekanta. Bokens tre huvudpersoner \u00e4r finjournalisten Adam, finanskillen Gabriel och M\u00e5rten, Socialdemokraternas fixare, eller, r\u00f6rmokare. Mitt i valr\u00f6relsen 2006 f\u00e5ngar en paparazzi en ledande socialdemokrat &hellip; <a href=\"https:\/\/iminbokhylla.se\/?p=343\" class=\"more-link\">Forts\u00e4tt l\u00e4sa<span class=\"screen-reader-text\"> \u201dR\u00f6rmokaren: b\u00e4ttre \u00e4n v\u00e4ntat\u201d<\/span><\/a><\/p>\n","protected":false},"author":1,"featured_media":0,"comment_status":"open","ping_status":"open","sticky":false,"template":"","format":"standard","meta":[],"categories":[3],"tags":[9],"featured_image_src":null,"featured_image_src_square":null,"author_info":{"display_name":"Josefine","author_link":"https:\/\/iminbokhylla.se\/?author=1"},"_links":{"self":[{"href":"https:\/\/iminbokhylla.se\/index.php?rest_route=\/wp\/v2\/posts\/343"}],"collection":[{"href":"https:\/\/iminbokhylla.se\/index.php?rest_route=\/wp\/v2\/posts"}],"about":[{"href":"https:\/\/iminbokhylla.se\/index.php?rest_route=\/wp\/v2\/types\/post"}],"author":[{"embeddable":true,"href":"https:\/\/iminbokhylla.se\/index.php?rest_route=\/wp\/v2\/users\/1"}],"replies":[{"embeddable":true,"href":"https:\/\/iminbokhylla.se\/index.php?rest_route=%2Fwp%2Fv2%2Fcomments&post=343"}],"version-history":[{"count":0,"href":"https:\/\/iminbokhylla.se\/index.php?rest_route=\/wp\/v2\/posts\/343\/revisions"}],"wp:attachment":[{"href":"https:\/\/iminbokhylla.se\/index.php?rest_route=%2Fwp%2Fv2%2Fmedia&parent=343"}],"wp:term":[{"taxonomy":"category","embeddable":true,"href":"https:\/\/iminbokhylla.se\/index.php?rest_route=%2Fwp%2Fv2%2Fcategories&post=343"},{"taxonomy":"post_tag","embeddable":true,"href":"https:\/\/iminbokhylla.se\/index.php?rest_route=%2Fwp%2Fv2%2Ftags&post=343"}],"curies":[{"name":"wp","href":"https:\/\/api.w.org\/{rel}","templated":true}]}}