{"id":338,"date":"2011-01-14T00:12:58","date_gmt":"2011-01-13T22:12:58","guid":{"rendered":"https:\/\/iminbokhylla.se\/?p=338"},"modified":"2011-07-27T16:34:04","modified_gmt":"2011-07-27T14:34:04","slug":"den-stygga-flickans-rackartyg-jag-vill-aka-till-peru","status":"publish","type":"post","link":"https:\/\/iminbokhylla.se\/?p=338","title":{"rendered":"Den stygga flickans rackartyg: jag vill \u00e5ka till Peru"},"content":{"rendered":"<p><strong>Bok:<\/strong> Den stygga flickans rackartyg<br \/>\n<strong>F\u00f6rfattare<\/strong>: Mario Vargas Llosa<br \/>\n<strong>F\u00f6rlag<\/strong>: Norsteds<br \/>\n<strong>Officiell sajt<\/strong>: <a href=\"http:\/\/sv.wikipedia.org\/wiki\/Mario_Vargas_Llosa\">Wikipedias svenska Vargas-sida<\/a><\/p>\n<p>M\u00e5nadens bokcirkelbok var Den stygga flickans rackartyg av 2010 \u00e5rs nobelf\u00f6rfattare Mario Vargas Llosa. Efter f\u00f6rra boken, som jag ju <a href=\"https:\/\/iminbokhylla.se\/2010\/11\/18\/fortrollerskan-fran-florens-en-fortrollande-saga-som-inte-passar-mig\/\">verkligen inte gillade<\/a>, var jag tveksam. Men jag blev glatt \u00f6verraskad. <\/p>\n<p>Den stygga flickans rackartyg handlar om en peruansk man vars h\u00f6gsta \u00f6nskan \u00e4r att bo i Paris. Redan som ung ton\u00e5ring i Lima blev han f\u00f6r\u00e4lskad, nej, f\u00f6rh\u00e4xad av &#8221;den stygga flickan&#8221;. I boken f\u00e5r vi f\u00f6lja hela hans liv, och hennes in- och urt\u00e5g ur det. <\/p>\n<p><strong>Betyg:<\/strong><br \/>\nJag gillade den h\u00e4r boken, \u00e4ven om jag hittade en del saker som st\u00f6rde mig. Det var alldeles f\u00f6r l\u00e5nga stycken och jag blir oerh\u00f6rt irriterad n\u00e4r en f\u00f6rfattare\/\u00f6vers\u00e4ttare v\u00e4ljer att ha vissa fraser eller stycken p\u00e5 ett annat spr\u00e5k. I den h\u00e4r boken fanns en del franska meningar och jag som inte kan ett ord franska f\u00f6rstod ibland inte ens styckets inneb\u00f6rd. Dessutom tycker jag att boken \u00e4r fult layoutad.<\/p>\n<p>Trots detta \u00e4r det n\u00e5got &#8211; mycket &#8211; med boken jag tycker om. Jag blir extremt sugen p\u00e5 att l\u00e4ra mig mer om Peru, och jag vill absolut \u00e5ka dit. Boken \u00e4r skriven p\u00e5 ett gammaldags spr\u00e5k, och det tilltalade mig i detta fall. <\/p>\n<p>Den stygga flickans rackartyg beskriver tv\u00e5 tragiska liv, men det beskrivs p\u00e5 ett l\u00e5gm\u00e4lt och p\u00e5 n\u00e5got vackert s\u00e4tt. En svag fyra. <\/p>\n<p><img loading=\"lazy\" src=\"https:\/\/iminbokhylla.se\/betyg_4.png\" width=\"472\" height=\"99\" alt=\"betyg\" \/><\/p>\n","protected":false},"excerpt":{"rendered":"<p>Bok: Den stygga flickans rackartyg F\u00f6rfattare: Mario Vargas Llosa F\u00f6rlag: Norsteds Officiell sajt: Wikipedias svenska Vargas-sida M\u00e5nadens bokcirkelbok var Den stygga flickans rackartyg av 2010 \u00e5rs nobelf\u00f6rfattare Mario Vargas Llosa. Efter f\u00f6rra boken, som jag ju verkligen inte gillade, var jag tveksam. Men jag blev glatt \u00f6verraskad. Den stygga flickans rackartyg handlar om en peruansk &hellip; <a href=\"https:\/\/iminbokhylla.se\/?p=338\" class=\"more-link\">Forts\u00e4tt l\u00e4sa<span class=\"screen-reader-text\"> \u201dDen stygga flickans rackartyg: jag vill \u00e5ka till Peru\u201d<\/span><\/a><\/p>\n","protected":false},"author":1,"featured_media":0,"comment_status":"open","ping_status":"open","sticky":false,"template":"","format":"standard","meta":[],"categories":[3],"tags":[9],"featured_image_src":null,"featured_image_src_square":null,"author_info":{"display_name":"Josefine","author_link":"https:\/\/iminbokhylla.se\/?author=1"},"_links":{"self":[{"href":"https:\/\/iminbokhylla.se\/index.php?rest_route=\/wp\/v2\/posts\/338"}],"collection":[{"href":"https:\/\/iminbokhylla.se\/index.php?rest_route=\/wp\/v2\/posts"}],"about":[{"href":"https:\/\/iminbokhylla.se\/index.php?rest_route=\/wp\/v2\/types\/post"}],"author":[{"embeddable":true,"href":"https:\/\/iminbokhylla.se\/index.php?rest_route=\/wp\/v2\/users\/1"}],"replies":[{"embeddable":true,"href":"https:\/\/iminbokhylla.se\/index.php?rest_route=%2Fwp%2Fv2%2Fcomments&post=338"}],"version-history":[{"count":0,"href":"https:\/\/iminbokhylla.se\/index.php?rest_route=\/wp\/v2\/posts\/338\/revisions"}],"wp:attachment":[{"href":"https:\/\/iminbokhylla.se\/index.php?rest_route=%2Fwp%2Fv2%2Fmedia&parent=338"}],"wp:term":[{"taxonomy":"category","embeddable":true,"href":"https:\/\/iminbokhylla.se\/index.php?rest_route=%2Fwp%2Fv2%2Fcategories&post=338"},{"taxonomy":"post_tag","embeddable":true,"href":"https:\/\/iminbokhylla.se\/index.php?rest_route=%2Fwp%2Fv2%2Ftags&post=338"}],"curies":[{"name":"wp","href":"https:\/\/api.w.org\/{rel}","templated":true}]}}