{"id":3370,"date":"2013-03-14T22:17:32","date_gmt":"2013-03-14T20:17:32","guid":{"rendered":"https:\/\/iminbokhylla.se\/?p=3370"},"modified":"2013-03-14T22:28:54","modified_gmt":"2013-03-14T20:28:54","slug":"helgens-lasplats","status":"publish","type":"post","link":"https:\/\/iminbokhylla.se\/?p=3370","title":{"rendered":"Helgens l\u00e4splats"},"content":{"rendered":"<p>Imorgon \u00e5ker vi till landet. Vi har en del p\u00e5 agendan, men jag hoppas \u00e4nd\u00e5 p\u00e5 lite l\u00e4stid. Trots det har jag inga bokplaner alls. Ist\u00e4llet har jag sl\u00e4ngt ned massa magasin i packningen. Orsaken \u00e4r enkel: jag gick f\u00f6rbi b\u00e4nken i biblioteket hemma och r\u00e5kade v\u00e4lta magasintraven, eftersom den var f\u00f6r h\u00f6g &#8230; Dags att beta av! <\/p>\n<p><a href=\"http:\/\/www.flickr.com\/photos\/granding\/7235562228\/\" title=\"Dalar\u00f6 by Granding, on Flickr\"><img loading=\"lazy\" src=\"http:\/\/farm8.staticflickr.com\/7230\/7235562228_911ffaa7b1.jpg\" width=\"500\" height=\"375\" alt=\"Dalar\u00f6\"><\/a><br \/>\n<em>Helgens l\u00e4splats<\/em><\/p>\n","protected":false},"excerpt":{"rendered":"<p>Imorgon \u00e5ker vi till landet. Vi har en del p\u00e5 agendan, men jag hoppas \u00e4nd\u00e5 p\u00e5 lite l\u00e4stid. Trots det har jag inga bokplaner alls. Ist\u00e4llet har jag sl\u00e4ngt ned massa magasin i packningen. Orsaken \u00e4r enkel: jag gick f\u00f6rbi b\u00e4nken i biblioteket hemma och r\u00e5kade v\u00e4lta magasintraven, eftersom den var f\u00f6r h\u00f6g &#8230; Dags &hellip; <a href=\"https:\/\/iminbokhylla.se\/?p=3370\" class=\"more-link\">Forts\u00e4tt l\u00e4sa<span class=\"screen-reader-text\"> \u201dHelgens l\u00e4splats\u201d<\/span><\/a><\/p>\n","protected":false},"author":1,"featured_media":0,"comment_status":"open","ping_status":"open","sticky":false,"template":"","format":"standard","meta":[],"categories":[4],"tags":[9],"featured_image_src":null,"featured_image_src_square":null,"author_info":{"display_name":"Josefine","author_link":"https:\/\/iminbokhylla.se\/?author=1"},"_links":{"self":[{"href":"https:\/\/iminbokhylla.se\/index.php?rest_route=\/wp\/v2\/posts\/3370"}],"collection":[{"href":"https:\/\/iminbokhylla.se\/index.php?rest_route=\/wp\/v2\/posts"}],"about":[{"href":"https:\/\/iminbokhylla.se\/index.php?rest_route=\/wp\/v2\/types\/post"}],"author":[{"embeddable":true,"href":"https:\/\/iminbokhylla.se\/index.php?rest_route=\/wp\/v2\/users\/1"}],"replies":[{"embeddable":true,"href":"https:\/\/iminbokhylla.se\/index.php?rest_route=%2Fwp%2Fv2%2Fcomments&post=3370"}],"version-history":[{"count":0,"href":"https:\/\/iminbokhylla.se\/index.php?rest_route=\/wp\/v2\/posts\/3370\/revisions"}],"wp:attachment":[{"href":"https:\/\/iminbokhylla.se\/index.php?rest_route=%2Fwp%2Fv2%2Fmedia&parent=3370"}],"wp:term":[{"taxonomy":"category","embeddable":true,"href":"https:\/\/iminbokhylla.se\/index.php?rest_route=%2Fwp%2Fv2%2Fcategories&post=3370"},{"taxonomy":"post_tag","embeddable":true,"href":"https:\/\/iminbokhylla.se\/index.php?rest_route=%2Fwp%2Fv2%2Ftags&post=3370"}],"curies":[{"name":"wp","href":"https:\/\/api.w.org\/{rel}","templated":true}]}}