{"id":3297,"date":"2013-03-02T22:38:46","date_gmt":"2013-03-02T20:38:46","guid":{"rendered":"https:\/\/iminbokhylla.se\/?p=3297"},"modified":"2013-03-08T16:10:18","modified_gmt":"2013-03-08T14:10:18","slug":"franska-e-bocker-pa-svenska","status":"publish","type":"post","link":"https:\/\/iminbokhylla.se\/?p=3297","title":{"rendered":"Franska e-b\u00f6cker p\u00e5 svenska"},"content":{"rendered":"<p>Den 1 mars blev det betydligt enklare att f\u00e5 tag p\u00e5 e-b\u00f6cker skrivna av franska f\u00f6rfattare i Sverige. D\u00e5 startade n\u00e4mligen Sekwa f\u00f6rlag, med programf\u00f6rklaringen &#8221;Sekwa f\u00f6rlag ger ut franskspr\u00e5kig litteratur p\u00e5 svenska. Samtida, kvinnliga f\u00f6rfattare har f\u00f6retr\u00e4de.&#8221; en e-bokssatsning.<\/p>\n<p>F\u00f6rutom att sl\u00e4ppa tolv titlar i e-boksformat nu, kommer det att sl\u00e4ppas fler under v\u00e5ren och f\u00f6rlaget \u00f6ppnar ocks\u00e5 en butik p\u00e5 sin sajt och p\u00e5 Facebook. <\/p>\n<p>Mer info hittar du <a href=\"http:\/\/sekwa.se\/2013\/03\/unik-satsning-pa-e-bocker\/\">h\u00e4r<\/a>, och butiken \u00e4r <a href=\"http:\/\/sekwa.se\/e-boksbutik\/\">h\u00e4r<\/a>.<\/p>\n","protected":false},"excerpt":{"rendered":"<p>Den 1 mars blev det betydligt enklare att f\u00e5 tag p\u00e5 e-b\u00f6cker skrivna av franska f\u00f6rfattare i Sverige. D\u00e5 startade n\u00e4mligen Sekwa f\u00f6rlag, med programf\u00f6rklaringen &#8221;Sekwa f\u00f6rlag ger ut franskspr\u00e5kig litteratur p\u00e5 svenska. Samtida, kvinnliga f\u00f6rfattare har f\u00f6retr\u00e4de.&#8221; en e-bokssatsning. F\u00f6rutom att sl\u00e4ppa tolv titlar i e-boksformat nu, kommer det att sl\u00e4ppas fler under v\u00e5ren &hellip; <a href=\"https:\/\/iminbokhylla.se\/?p=3297\" class=\"more-link\">Forts\u00e4tt l\u00e4sa<span class=\"screen-reader-text\"> \u201dFranska e-b\u00f6cker p\u00e5 svenska\u201d<\/span><\/a><\/p>\n","protected":false},"author":1,"featured_media":0,"comment_status":"open","ping_status":"open","sticky":false,"template":"","format":"standard","meta":[],"categories":[4],"tags":[9],"featured_image_src":null,"featured_image_src_square":null,"author_info":{"display_name":"Josefine","author_link":"https:\/\/iminbokhylla.se\/?author=1"},"_links":{"self":[{"href":"https:\/\/iminbokhylla.se\/index.php?rest_route=\/wp\/v2\/posts\/3297"}],"collection":[{"href":"https:\/\/iminbokhylla.se\/index.php?rest_route=\/wp\/v2\/posts"}],"about":[{"href":"https:\/\/iminbokhylla.se\/index.php?rest_route=\/wp\/v2\/types\/post"}],"author":[{"embeddable":true,"href":"https:\/\/iminbokhylla.se\/index.php?rest_route=\/wp\/v2\/users\/1"}],"replies":[{"embeddable":true,"href":"https:\/\/iminbokhylla.se\/index.php?rest_route=%2Fwp%2Fv2%2Fcomments&post=3297"}],"version-history":[{"count":0,"href":"https:\/\/iminbokhylla.se\/index.php?rest_route=\/wp\/v2\/posts\/3297\/revisions"}],"wp:attachment":[{"href":"https:\/\/iminbokhylla.se\/index.php?rest_route=%2Fwp%2Fv2%2Fmedia&parent=3297"}],"wp:term":[{"taxonomy":"category","embeddable":true,"href":"https:\/\/iminbokhylla.se\/index.php?rest_route=%2Fwp%2Fv2%2Fcategories&post=3297"},{"taxonomy":"post_tag","embeddable":true,"href":"https:\/\/iminbokhylla.se\/index.php?rest_route=%2Fwp%2Fv2%2Ftags&post=3297"}],"curies":[{"name":"wp","href":"https:\/\/api.w.org\/{rel}","templated":true}]}}