{"id":3236,"date":"2013-02-22T10:19:13","date_gmt":"2013-02-22T08:19:13","guid":{"rendered":"https:\/\/iminbokhylla.se\/?p=3236"},"modified":"2013-02-26T22:16:57","modified_gmt":"2013-02-26T20:16:57","slug":"irlandska-forfattarbesok-i-stockholm","status":"publish","type":"post","link":"https:\/\/iminbokhylla.se\/?p=3236","title":{"rendered":"Irl\u00e4ndska f\u00f6rfattarbes\u00f6k i Stockholm"},"content":{"rendered":"<p>Jag \u00e4r ett stort fan av Irland. Jag har varit d\u00e4r fyra g\u00e5nger och \u00e5ker g\u00e4rna tillbaka. \u00c4ven irl\u00e4ndska b\u00f6cker och filmer tilltalar mig. <\/p>\n<p>I februari och mars kommer Stockholm f\u00e5 f\u00f6rfattarbes\u00f6k fr\u00e5n Irland. Den 27\/2 \u00e4r Anne Enright p\u00e5 R\u00f6nnells antikvariat, och den 23\/3 \u00e4r det Dermot Bolgers tur. <\/p>\n<p>Jag kan tyv\u00e4rr inte g\u00e5 och lyssna n\u00e5gon av g\u00e5ngerna, men kanske \u00e4r det n\u00e5got f\u00f6r dig?<\/p>\n<p><a href=\"http:\/\/www.flickr.com\/photos\/granding\/8496442666\/\" title=\"Irland by Granding, on Flickr\"><img loading=\"lazy\" src=\"http:\/\/farm9.staticflickr.com\/8087\/8496442666_b8876d68aa_c.jpg\" width=\"566\" height=\"800\" alt=\"Irland\"><\/a><\/p>\n<p><a href=\"http:\/\/www.flickr.com\/photos\/granding\/8495339823\/\" title=\"Irland by Granding, on Flickr\"><img loading=\"lazy\" src=\"http:\/\/farm9.staticflickr.com\/8111\/8495339823_04535ef8bd_c.jpg\" width=\"566\" height=\"800\" alt=\"Irland\"><\/a><\/p>\n","protected":false},"excerpt":{"rendered":"<p>Jag \u00e4r ett stort fan av Irland. Jag har varit d\u00e4r fyra g\u00e5nger och \u00e5ker g\u00e4rna tillbaka. \u00c4ven irl\u00e4ndska b\u00f6cker och filmer tilltalar mig. I februari och mars kommer Stockholm f\u00e5 f\u00f6rfattarbes\u00f6k fr\u00e5n Irland. Den 27\/2 \u00e4r Anne Enright p\u00e5 R\u00f6nnells antikvariat, och den 23\/3 \u00e4r det Dermot Bolgers tur. Jag kan tyv\u00e4rr inte g\u00e5 &hellip; <a href=\"https:\/\/iminbokhylla.se\/?p=3236\" class=\"more-link\">Forts\u00e4tt l\u00e4sa<span class=\"screen-reader-text\"> \u201dIrl\u00e4ndska f\u00f6rfattarbes\u00f6k i Stockholm\u201d<\/span><\/a><\/p>\n","protected":false},"author":1,"featured_media":0,"comment_status":"open","ping_status":"open","sticky":false,"template":"","format":"standard","meta":[],"categories":[4],"tags":[9],"featured_image_src":null,"featured_image_src_square":null,"author_info":{"display_name":"Josefine","author_link":"https:\/\/iminbokhylla.se\/?author=1"},"_links":{"self":[{"href":"https:\/\/iminbokhylla.se\/index.php?rest_route=\/wp\/v2\/posts\/3236"}],"collection":[{"href":"https:\/\/iminbokhylla.se\/index.php?rest_route=\/wp\/v2\/posts"}],"about":[{"href":"https:\/\/iminbokhylla.se\/index.php?rest_route=\/wp\/v2\/types\/post"}],"author":[{"embeddable":true,"href":"https:\/\/iminbokhylla.se\/index.php?rest_route=\/wp\/v2\/users\/1"}],"replies":[{"embeddable":true,"href":"https:\/\/iminbokhylla.se\/index.php?rest_route=%2Fwp%2Fv2%2Fcomments&post=3236"}],"version-history":[{"count":0,"href":"https:\/\/iminbokhylla.se\/index.php?rest_route=\/wp\/v2\/posts\/3236\/revisions"}],"wp:attachment":[{"href":"https:\/\/iminbokhylla.se\/index.php?rest_route=%2Fwp%2Fv2%2Fmedia&parent=3236"}],"wp:term":[{"taxonomy":"category","embeddable":true,"href":"https:\/\/iminbokhylla.se\/index.php?rest_route=%2Fwp%2Fv2%2Fcategories&post=3236"},{"taxonomy":"post_tag","embeddable":true,"href":"https:\/\/iminbokhylla.se\/index.php?rest_route=%2Fwp%2Fv2%2Ftags&post=3236"}],"curies":[{"name":"wp","href":"https:\/\/api.w.org\/{rel}","templated":true}]}}