{"id":3231,"date":"2013-02-14T08:55:36","date_gmt":"2013-02-14T06:55:36","guid":{"rendered":"https:\/\/iminbokhylla.se\/?p=3231"},"modified":"2013-02-26T22:17:15","modified_gmt":"2013-02-26T20:17:15","slug":"kan-en-bra-bok-doda-laslusten","status":"publish","type":"post","link":"https:\/\/iminbokhylla.se\/?p=3231","title":{"rendered":"Kan en bra bok d\u00f6da l\u00e4slusten?"},"content":{"rendered":"<p>Jag b\u00f6rjade l\u00e4sa <a href=\"https:\/\/iminbokhylla.se\/?p=3224\">den h\u00e4r<\/a> i januari och jag har kommit halvv\u00e4gs. I januari!  Helt galet, speciellt med tanke p\u00e5 att jag \u00e4r en snabbl\u00e4sare. Om boken varit d\u00e5lig hade jag f\u00f6rst\u00e5tt det, men den \u00e4r inte d\u00e5lig, den \u00e4r till och med ganska bra. <\/p>\n<p>Jag st\u00e5r inte ut med d\u00f6dad l\u00e4slust s\u00e5 nu \u00f6verger jag Svart havet. Eller \u00e5tminstone pausar.<\/p>\n","protected":false},"excerpt":{"rendered":"<p>Jag b\u00f6rjade l\u00e4sa den h\u00e4r i januari och jag har kommit halvv\u00e4gs. I januari! Helt galet, speciellt med tanke p\u00e5 att jag \u00e4r en snabbl\u00e4sare. Om boken varit d\u00e5lig hade jag f\u00f6rst\u00e5tt det, men den \u00e4r inte d\u00e5lig, den \u00e4r till och med ganska bra. Jag st\u00e5r inte ut med d\u00f6dad l\u00e4slust s\u00e5 nu \u00f6verger &hellip; <a href=\"https:\/\/iminbokhylla.se\/?p=3231\" class=\"more-link\">Forts\u00e4tt l\u00e4sa<span class=\"screen-reader-text\"> \u201dKan en bra bok d\u00f6da l\u00e4slusten?\u201d<\/span><\/a><\/p>\n","protected":false},"author":1,"featured_media":0,"comment_status":"open","ping_status":"open","sticky":false,"template":"","format":"standard","meta":[],"categories":[4],"tags":[9],"featured_image_src":null,"featured_image_src_square":null,"author_info":{"display_name":"Josefine","author_link":"https:\/\/iminbokhylla.se\/?author=1"},"_links":{"self":[{"href":"https:\/\/iminbokhylla.se\/index.php?rest_route=\/wp\/v2\/posts\/3231"}],"collection":[{"href":"https:\/\/iminbokhylla.se\/index.php?rest_route=\/wp\/v2\/posts"}],"about":[{"href":"https:\/\/iminbokhylla.se\/index.php?rest_route=\/wp\/v2\/types\/post"}],"author":[{"embeddable":true,"href":"https:\/\/iminbokhylla.se\/index.php?rest_route=\/wp\/v2\/users\/1"}],"replies":[{"embeddable":true,"href":"https:\/\/iminbokhylla.se\/index.php?rest_route=%2Fwp%2Fv2%2Fcomments&post=3231"}],"version-history":[{"count":0,"href":"https:\/\/iminbokhylla.se\/index.php?rest_route=\/wp\/v2\/posts\/3231\/revisions"}],"wp:attachment":[{"href":"https:\/\/iminbokhylla.se\/index.php?rest_route=%2Fwp%2Fv2%2Fmedia&parent=3231"}],"wp:term":[{"taxonomy":"category","embeddable":true,"href":"https:\/\/iminbokhylla.se\/index.php?rest_route=%2Fwp%2Fv2%2Fcategories&post=3231"},{"taxonomy":"post_tag","embeddable":true,"href":"https:\/\/iminbokhylla.se\/index.php?rest_route=%2Fwp%2Fv2%2Ftags&post=3231"}],"curies":[{"name":"wp","href":"https:\/\/api.w.org\/{rel}","templated":true}]}}