{"id":3226,"date":"2013-02-09T17:45:47","date_gmt":"2013-02-09T15:45:47","guid":{"rendered":"https:\/\/iminbokhylla.se\/?p=3226"},"modified":"2013-02-26T22:17:20","modified_gmt":"2013-02-26T20:17:20","slug":"jag-laser-med-hjartklappning-och-stresspaslag","status":"publish","type":"post","link":"https:\/\/iminbokhylla.se\/?p=3226","title":{"rendered":"Jag l\u00e4ser med hj\u00e4rtklappning och stressp\u00e5slag"},"content":{"rendered":"<p>strong>Bok:<\/strong> Jag lever, pappa: Ut\u00f8ya 22 juli 2011 &#8211; dagen som f\u00f6r\u00e4ndrade oss<br \/>\n<strong>F\u00f6rfattare:<\/strong> Erik H S\u00f8nstelie, Siri Marie Seim S\u00f8nstelie<br \/>\n<strong>F\u00f6rlag:<\/strong> Forum<\/p>\n<p>Siri Marie deltar i ungdomsl\u00e4gret p\u00e5 Ut\u00f8ya \u00e5r 2011 n\u00e4r Breivik dyker upp och skjuter ihj\u00e4l och skadar s\u00e5 m\u00e5nga. Hennes pappa Erik arbetar inom Schibsted och slits mellan att agera som pappa och som journalist. De ber\u00e4ttar b\u00e5da sin historia i den h\u00e4r boken. <\/p>\n<p><a href=\"http:\/\/www.flickr.com\/photos\/granding\/8457797057\/\" title=\"Ut\u00f6ya by Granding, on Flickr\"><img loading=\"lazy\" src=\"http:\/\/farm9.staticflickr.com\/8235\/8457797057_b3a2181749.jpg\" width=\"178\" height=\"300\" alt=\"Ut\u00f6ya\"><\/a><\/p>\n<p>Jag har l\u00e4st m\u00e5nga b\u00f6cker av &#8221;den h\u00e4r sorten&#8221; men det h\u00e4r \u00e4r f\u00f6rsta g\u00e5ngen jag l\u00e4ser med hj\u00e4rtklappning och stressp\u00e5slag, livr\u00e4dd f\u00f6r att Breivik ska hitta folk. Detta trots att jag f\u00f6rst\u00e5s vet hur det gick. Jag kan inte sluta l\u00e4sa. Det \u00e4r v\u00e4ldigt m\u00e5nga ot\u00e4cka detaljer, <a href=\"https:\/\/iminbokhylla.se\/?p=2515\">vilket jag ju kan tycka illa om<\/a>, men h\u00e4r \u00e4r det bara bra.<\/p>\n<p>Jag kan d\u00e4remot tycka att det \u00e4r lite f\u00f6r mycket &#8221;runtom&#8221;, och jag hade g\u00e4rna strukit en del f\u00f6r att tighta till det hela. Men att f\u00e5 l\u00e4sa en inside story fr\u00e5n Ut\u00f8ya var v\u00e4ldigt intressant.<\/p>\n<p><img loading=\"lazy\" alt=\"betyg\" src=\"https:\/\/iminbokhylla.se\/betyg_3.png\" width=\"472\" height=\"99\" \/><\/p>\n","protected":false},"excerpt":{"rendered":"<p>strong>Bok: Jag lever, pappa: Ut\u00f8ya 22 juli 2011 &#8211; dagen som f\u00f6r\u00e4ndrade oss F\u00f6rfattare: Erik H S\u00f8nstelie, Siri Marie Seim S\u00f8nstelie F\u00f6rlag: Forum Siri Marie deltar i ungdomsl\u00e4gret p\u00e5 Ut\u00f8ya \u00e5r 2011 n\u00e4r Breivik dyker upp och skjuter ihj\u00e4l och skadar s\u00e5 m\u00e5nga. Hennes pappa Erik arbetar inom Schibsted och slits mellan att agera som &hellip; <a href=\"https:\/\/iminbokhylla.se\/?p=3226\" class=\"more-link\">Forts\u00e4tt l\u00e4sa<span class=\"screen-reader-text\"> \u201dJag l\u00e4ser med hj\u00e4rtklappning och stressp\u00e5slag\u201d<\/span><\/a><\/p>\n","protected":false},"author":1,"featured_media":0,"comment_status":"open","ping_status":"open","sticky":false,"template":"","format":"standard","meta":[],"categories":[3],"tags":[9],"featured_image_src":null,"featured_image_src_square":null,"author_info":{"display_name":"Josefine","author_link":"https:\/\/iminbokhylla.se\/?author=1"},"_links":{"self":[{"href":"https:\/\/iminbokhylla.se\/index.php?rest_route=\/wp\/v2\/posts\/3226"}],"collection":[{"href":"https:\/\/iminbokhylla.se\/index.php?rest_route=\/wp\/v2\/posts"}],"about":[{"href":"https:\/\/iminbokhylla.se\/index.php?rest_route=\/wp\/v2\/types\/post"}],"author":[{"embeddable":true,"href":"https:\/\/iminbokhylla.se\/index.php?rest_route=\/wp\/v2\/users\/1"}],"replies":[{"embeddable":true,"href":"https:\/\/iminbokhylla.se\/index.php?rest_route=%2Fwp%2Fv2%2Fcomments&post=3226"}],"version-history":[{"count":0,"href":"https:\/\/iminbokhylla.se\/index.php?rest_route=\/wp\/v2\/posts\/3226\/revisions"}],"wp:attachment":[{"href":"https:\/\/iminbokhylla.se\/index.php?rest_route=%2Fwp%2Fv2%2Fmedia&parent=3226"}],"wp:term":[{"taxonomy":"category","embeddable":true,"href":"https:\/\/iminbokhylla.se\/index.php?rest_route=%2Fwp%2Fv2%2Fcategories&post=3226"},{"taxonomy":"post_tag","embeddable":true,"href":"https:\/\/iminbokhylla.se\/index.php?rest_route=%2Fwp%2Fv2%2Ftags&post=3226"}],"curies":[{"name":"wp","href":"https:\/\/api.w.org\/{rel}","templated":true}]}}