{"id":3213,"date":"2013-01-28T16:25:21","date_gmt":"2013-01-28T14:25:21","guid":{"rendered":"https:\/\/iminbokhylla.se\/?p=3213"},"modified":"2013-01-28T16:28:23","modified_gmt":"2013-01-28T14:28:23","slug":"det-blir-bokresan-i-ar-ocksa","status":"publish","type":"post","link":"https:\/\/iminbokhylla.se\/?p=3213","title":{"rendered":"Det blir Bokresan i \u00e5r ocks\u00e5"},"content":{"rendered":"<p>Jag har anm\u00e4lt mig till \u00e5rets upplaga av <a href=\"http:\/\/bokresan.nu\">Bokresan<\/a>. F\u00f6rra \u00e5ret var  <a href=\"https:\/\/iminbokhylla.se\/?p=2207\">ju kul,<\/a> s\u00e5 varf\u00f6r inte? I \u00e5r k\u00e4nner jag dessutom fler deltagare. R\u00e4kna med rapporter!<\/p>\n","protected":false},"excerpt":{"rendered":"<p>Jag har anm\u00e4lt mig till \u00e5rets upplaga av Bokresan. F\u00f6rra \u00e5ret var ju kul, s\u00e5 varf\u00f6r inte? I \u00e5r k\u00e4nner jag dessutom fler deltagare. R\u00e4kna med rapporter!<\/p>\n","protected":false},"author":1,"featured_media":0,"comment_status":"open","ping_status":"open","sticky":false,"template":"","format":"standard","meta":[],"categories":[4],"tags":[9],"featured_image_src":null,"featured_image_src_square":null,"author_info":{"display_name":"Josefine","author_link":"https:\/\/iminbokhylla.se\/?author=1"},"_links":{"self":[{"href":"https:\/\/iminbokhylla.se\/index.php?rest_route=\/wp\/v2\/posts\/3213"}],"collection":[{"href":"https:\/\/iminbokhylla.se\/index.php?rest_route=\/wp\/v2\/posts"}],"about":[{"href":"https:\/\/iminbokhylla.se\/index.php?rest_route=\/wp\/v2\/types\/post"}],"author":[{"embeddable":true,"href":"https:\/\/iminbokhylla.se\/index.php?rest_route=\/wp\/v2\/users\/1"}],"replies":[{"embeddable":true,"href":"https:\/\/iminbokhylla.se\/index.php?rest_route=%2Fwp%2Fv2%2Fcomments&post=3213"}],"version-history":[{"count":0,"href":"https:\/\/iminbokhylla.se\/index.php?rest_route=\/wp\/v2\/posts\/3213\/revisions"}],"wp:attachment":[{"href":"https:\/\/iminbokhylla.se\/index.php?rest_route=%2Fwp%2Fv2%2Fmedia&parent=3213"}],"wp:term":[{"taxonomy":"category","embeddable":true,"href":"https:\/\/iminbokhylla.se\/index.php?rest_route=%2Fwp%2Fv2%2Fcategories&post=3213"},{"taxonomy":"post_tag","embeddable":true,"href":"https:\/\/iminbokhylla.se\/index.php?rest_route=%2Fwp%2Fv2%2Ftags&post=3213"}],"curies":[{"name":"wp","href":"https:\/\/api.w.org\/{rel}","templated":true}]}}