{"id":3156,"date":"2012-01-01T14:54:29","date_gmt":"2012-01-01T12:54:29","guid":{"rendered":"https:\/\/iminbokhylla.se\/?p=3156"},"modified":"2012-12-30T18:55:48","modified_gmt":"2012-12-30T16:55:48","slug":"mitt-bokar-2012","status":"publish","type":"post","link":"https:\/\/iminbokhylla.se\/?p=3156","title":{"rendered":"Mitt bok\u00e5r 2012"},"content":{"rendered":"<p>Det \u00e4r nytt \u00e5r, och dags att sammanfatta 2012 \u00e5rs bokliv.<\/p>\n<p><strong>Antal l\u00e4sta b\u00f6cker:<\/strong> 91, vilket f\u00f6rst k\u00e4ndes r\u00e4tt l\u00e5gt n\u00e4r jag j\u00e4mf\u00f6rde med 2011 \u00e5rs 112 l\u00e4sta b\u00f6cker. Sedan ins\u00e5g jag att jag l\u00e4ste 47 snabbl\u00e4sta flickb\u00f6cker 2011, och bara 15 stycken 2012.<\/p>\n<p><strong>B\u00e4sta l\u00e4sning:<\/strong> <a href=\"https:\/\/iminbokhylla.se\/?p=1990\">den h\u00e4r platsen<\/a> delas i \u00e5r av tv\u00e5 b\u00f6cker, <a href=\"https:\/\/iminbokhylla.se\/?p=3096\">Strimmor av hopp av Ruta Sepetys<\/a> och <a href=\"https:\/\/iminbokhylla.se\/?p=3072\">Roseng\u00e4dda, n\u00e4sta! av Emma Hamberg<\/a>. De \u00e4r helt olika, men v\u00e4ldigt v\u00e4ldigt bra b\u00e5da tv\u00e5. Och jag tycker att alla b\u00f6r l\u00e4sa dem.<\/p>\n<p><strong>\u00c5rets \u00f6verraskning:<\/strong> att jag hittade <a href=\"https:\/\/iminbokhylla.se\/?p=2740\">Katarina Wennstams romaner<\/a>, efter att bara ha l\u00e4st hennes reportageb\u00f6cker innan. En v\u00e4ldigt bra \u00f6verraskning!<\/p>\n<p><strong>\u00c5rets extra omn\u00e4mnande:<\/strong> <a href=\"https:\/\/iminbokhylla.se\/?p=2571\">Bara du finns Jenny Holmberg<\/a>. Kan fortfarande inte s\u00e4tta fingret p\u00e5 det, men den boken har stannat kvar hos mig.<\/p>\n<p><strong>\u00c5rets s\u00e4msta:<\/strong> det k\u00e4nns on\u00f6digt att rabbla d\u00e5liga b\u00f6cker igen, men tyv\u00e4rr har jag r\u00e5kat ut f\u00f6r n\u00e5gra riktiga bottennapp i \u00e5r.<\/p>\n<p><strong>\u00c5rets h\u00e4ndelse:<\/strong> <a href=\"https:\/\/iminbokhylla.se\/?p=3008\">Bokm\u00e4ssan<\/a> f\u00f6rst\u00e5s, men \u00e4ven <a href=\"https:\/\/iminbokhylla.se\/?p=2183\">Bokm\u00e4ssans f\u00f6rhelg<\/a>, <a href=\"https:\/\/iminbokhylla.se\/?p=2207\">Bokresan<\/a>, och alla tr\u00e4ffar med mina tv\u00e5 bokcirklar.<\/p>\n<p><a title=\"iPhoneskal by Granding, on Flickr\" href=\"http:\/\/www.flickr.com\/photos\/granding\/8030796777\/\"><img loading=\"lazy\" alt=\"iPhoneskal\" src=\"http:\/\/farm9.staticflickr.com\/8462\/8030796777_00c89a0be4.jpg\" width=\"374\" height=\"500\" \/><\/a><\/p>\n","protected":false},"excerpt":{"rendered":"<p>Det \u00e4r nytt \u00e5r, och dags att sammanfatta 2012 \u00e5rs bokliv. Antal l\u00e4sta b\u00f6cker: 91, vilket f\u00f6rst k\u00e4ndes r\u00e4tt l\u00e5gt n\u00e4r jag j\u00e4mf\u00f6rde med 2011 \u00e5rs 112 l\u00e4sta b\u00f6cker. Sedan ins\u00e5g jag att jag l\u00e4ste 47 snabbl\u00e4sta flickb\u00f6cker 2011, och bara 15 stycken 2012. B\u00e4sta l\u00e4sning: den h\u00e4r platsen delas i \u00e5r av tv\u00e5 b\u00f6cker, &hellip; <a href=\"https:\/\/iminbokhylla.se\/?p=3156\" class=\"more-link\">Forts\u00e4tt l\u00e4sa<span class=\"screen-reader-text\"> \u201dMitt bok\u00e5r 2012\u201d<\/span><\/a><\/p>\n","protected":false},"author":1,"featured_media":0,"comment_status":"open","ping_status":"open","sticky":false,"template":"","format":"standard","meta":[],"categories":[4],"tags":[],"featured_image_src":null,"featured_image_src_square":null,"author_info":{"display_name":"Josefine","author_link":"https:\/\/iminbokhylla.se\/?author=1"},"_links":{"self":[{"href":"https:\/\/iminbokhylla.se\/index.php?rest_route=\/wp\/v2\/posts\/3156"}],"collection":[{"href":"https:\/\/iminbokhylla.se\/index.php?rest_route=\/wp\/v2\/posts"}],"about":[{"href":"https:\/\/iminbokhylla.se\/index.php?rest_route=\/wp\/v2\/types\/post"}],"author":[{"embeddable":true,"href":"https:\/\/iminbokhylla.se\/index.php?rest_route=\/wp\/v2\/users\/1"}],"replies":[{"embeddable":true,"href":"https:\/\/iminbokhylla.se\/index.php?rest_route=%2Fwp%2Fv2%2Fcomments&post=3156"}],"version-history":[{"count":0,"href":"https:\/\/iminbokhylla.se\/index.php?rest_route=\/wp\/v2\/posts\/3156\/revisions"}],"wp:attachment":[{"href":"https:\/\/iminbokhylla.se\/index.php?rest_route=%2Fwp%2Fv2%2Fmedia&parent=3156"}],"wp:term":[{"taxonomy":"category","embeddable":true,"href":"https:\/\/iminbokhylla.se\/index.php?rest_route=%2Fwp%2Fv2%2Fcategories&post=3156"},{"taxonomy":"post_tag","embeddable":true,"href":"https:\/\/iminbokhylla.se\/index.php?rest_route=%2Fwp%2Fv2%2Ftags&post=3156"}],"curies":[{"name":"wp","href":"https:\/\/api.w.org\/{rel}","templated":true}]}}