{"id":3155,"date":"2012-12-27T12:07:10","date_gmt":"2012-12-27T10:07:10","guid":{"rendered":"https:\/\/iminbokhylla.se\/?p=3155"},"modified":"2012-12-27T12:07:10","modified_gmt":"2012-12-27T10:07:10","slug":"de-harda-klapparnas-jul","status":"publish","type":"post","link":"https:\/\/iminbokhylla.se\/?p=3155","title":{"rendered":"De h\u00e5rda klapparnas jul"},"content":{"rendered":"<p>S\u00e5, blev det n\u00e5gra bokklappar? H\u00e4r blev det hela 13 stycken! <\/p>\n<p><a href=\"http:\/\/www.flickr.com\/photos\/granding\/8313072979\/\" title=\"Julklappsb\u00f6cker by Granding, on Flickr\"><img loading=\"lazy\" src=\"http:\/\/farm9.staticflickr.com\/8072\/8313072979_dc5158dbc7.jpg\" width=\"500\" height=\"375\" alt=\"Julklappsb\u00f6cker\"><\/a><br \/>\nAlla b\u00f6ckerna i Roman om ett brott-sviten. Tio stycken allts\u00e5. Jag har aldrig l\u00e4st n\u00e5gon av Sj\u00f6wall\/Wahl\u00f6\u00f6s ber\u00f6mda deckare och nu fick jag dessutom de vackra nyutg\u00e5vorna fr\u00e5n Piratforlaget. Tack pappa!<\/p>\n<p>Av sv\u00e4rmor fick jag tv\u00e5 b\u00f6cker. En med samlade ord, tankar, dikter om katter och en \u00e5rsoberoende kalender med boktema. Kul!<br \/>\n<a href=\"http:\/\/www.flickr.com\/photos\/granding\/8314122964\/\" title=\"Julklappsb\u00f6cker by Granding, on Flickr\"><img loading=\"lazy\" src=\"http:\/\/farm9.staticflickr.com\/8362\/8314122964_fb42b6f49a.jpg\" width=\"500\" height=\"375\" alt=\"Julklappsb\u00f6cker\"><\/a><\/p>\n<p>Bok nummer 13 (jag skrev 15 p\u00e5 Facebook men fick f\u00f6r mig att Sj\u00f6wall\/Wahl\u00f6\u00f6 var tolv b\u00f6cker) har jag ingen bild p\u00e5 eftersom jag l\u00e4ser den just nu, men det \u00e4r en bok fr\u00e5n min \u00f6nskelista: &#8221;Jag lever, pappa&#8221;, om Ut\u00f8ya.<\/p>\n","protected":false},"excerpt":{"rendered":"<p>S\u00e5, blev det n\u00e5gra bokklappar? H\u00e4r blev det hela 13 stycken! Alla b\u00f6ckerna i Roman om ett brott-sviten. Tio stycken allts\u00e5. Jag har aldrig l\u00e4st n\u00e5gon av Sj\u00f6wall\/Wahl\u00f6\u00f6s ber\u00f6mda deckare och nu fick jag dessutom de vackra nyutg\u00e5vorna fr\u00e5n Piratforlaget. Tack pappa! Av sv\u00e4rmor fick jag tv\u00e5 b\u00f6cker. En med samlade ord, tankar, dikter om &hellip; <a href=\"https:\/\/iminbokhylla.se\/?p=3155\" class=\"more-link\">Forts\u00e4tt l\u00e4sa<span class=\"screen-reader-text\"> \u201dDe h\u00e5rda klapparnas jul\u201d<\/span><\/a><\/p>\n","protected":false},"author":1,"featured_media":0,"comment_status":"open","ping_status":"open","sticky":false,"template":"","format":"standard","meta":[],"categories":[4],"tags":[9],"featured_image_src":null,"featured_image_src_square":null,"author_info":{"display_name":"Josefine","author_link":"https:\/\/iminbokhylla.se\/?author=1"},"_links":{"self":[{"href":"https:\/\/iminbokhylla.se\/index.php?rest_route=\/wp\/v2\/posts\/3155"}],"collection":[{"href":"https:\/\/iminbokhylla.se\/index.php?rest_route=\/wp\/v2\/posts"}],"about":[{"href":"https:\/\/iminbokhylla.se\/index.php?rest_route=\/wp\/v2\/types\/post"}],"author":[{"embeddable":true,"href":"https:\/\/iminbokhylla.se\/index.php?rest_route=\/wp\/v2\/users\/1"}],"replies":[{"embeddable":true,"href":"https:\/\/iminbokhylla.se\/index.php?rest_route=%2Fwp%2Fv2%2Fcomments&post=3155"}],"version-history":[{"count":0,"href":"https:\/\/iminbokhylla.se\/index.php?rest_route=\/wp\/v2\/posts\/3155\/revisions"}],"wp:attachment":[{"href":"https:\/\/iminbokhylla.se\/index.php?rest_route=%2Fwp%2Fv2%2Fmedia&parent=3155"}],"wp:term":[{"taxonomy":"category","embeddable":true,"href":"https:\/\/iminbokhylla.se\/index.php?rest_route=%2Fwp%2Fv2%2Fcategories&post=3155"},{"taxonomy":"post_tag","embeddable":true,"href":"https:\/\/iminbokhylla.se\/index.php?rest_route=%2Fwp%2Fv2%2Ftags&post=3155"}],"curies":[{"name":"wp","href":"https:\/\/api.w.org\/{rel}","templated":true}]}}