{"id":3145,"date":"2012-12-20T15:39:59","date_gmt":"2012-12-20T13:39:59","guid":{"rendered":"https:\/\/iminbokhylla.se\/?p=3145"},"modified":"2012-12-20T15:39:59","modified_gmt":"2012-12-20T13:39:59","slug":"ar-det-inte-lite-markligt","status":"publish","type":"post","link":"https:\/\/iminbokhylla.se\/?p=3145","title":{"rendered":"\u00c4r det inte lite m\u00e4rkligt?"},"content":{"rendered":"<p>\u00c4r det inte ganska konstigt att det sl\u00e4pps en bok som inneh\u00e5ller s\u00e4rskrivningar och d\u00e4r man stavat fel till McDonalds?<\/p>\n<p><a href=\"http:\/\/www.flickr.com\/photos\/granding\/8291332718\/\" title=\"Bok by Granding, on Flickr\"><img loading=\"lazy\" src=\"http:\/\/farm9.staticflickr.com\/8363\/8291332718_952ff8c38e.jpg\" width=\"500\" height=\"429\" alt=\"Bok\"><\/a><\/p>\n","protected":false},"excerpt":{"rendered":"<p>\u00c4r det inte ganska konstigt att det sl\u00e4pps en bok som inneh\u00e5ller s\u00e4rskrivningar och d\u00e4r man stavat fel till McDonalds?<\/p>\n","protected":false},"author":1,"featured_media":0,"comment_status":"open","ping_status":"open","sticky":false,"template":"","format":"standard","meta":[],"categories":[4],"tags":[],"featured_image_src":null,"featured_image_src_square":null,"author_info":{"display_name":"Josefine","author_link":"https:\/\/iminbokhylla.se\/?author=1"},"_links":{"self":[{"href":"https:\/\/iminbokhylla.se\/index.php?rest_route=\/wp\/v2\/posts\/3145"}],"collection":[{"href":"https:\/\/iminbokhylla.se\/index.php?rest_route=\/wp\/v2\/posts"}],"about":[{"href":"https:\/\/iminbokhylla.se\/index.php?rest_route=\/wp\/v2\/types\/post"}],"author":[{"embeddable":true,"href":"https:\/\/iminbokhylla.se\/index.php?rest_route=\/wp\/v2\/users\/1"}],"replies":[{"embeddable":true,"href":"https:\/\/iminbokhylla.se\/index.php?rest_route=%2Fwp%2Fv2%2Fcomments&post=3145"}],"version-history":[{"count":0,"href":"https:\/\/iminbokhylla.se\/index.php?rest_route=\/wp\/v2\/posts\/3145\/revisions"}],"wp:attachment":[{"href":"https:\/\/iminbokhylla.se\/index.php?rest_route=%2Fwp%2Fv2%2Fmedia&parent=3145"}],"wp:term":[{"taxonomy":"category","embeddable":true,"href":"https:\/\/iminbokhylla.se\/index.php?rest_route=%2Fwp%2Fv2%2Fcategories&post=3145"},{"taxonomy":"post_tag","embeddable":true,"href":"https:\/\/iminbokhylla.se\/index.php?rest_route=%2Fwp%2Fv2%2Ftags&post=3145"}],"curies":[{"name":"wp","href":"https:\/\/api.w.org\/{rel}","templated":true}]}}