{"id":3140,"date":"2012-12-13T11:50:16","date_gmt":"2012-12-13T09:50:16","guid":{"rendered":"https:\/\/iminbokhylla.se\/?p=3140"},"modified":"2012-12-13T00:51:31","modified_gmt":"2012-12-12T22:51:31","slug":"en-bok-lucia","status":"publish","type":"post","link":"https:\/\/iminbokhylla.se\/?p=3140","title":{"rendered":"En bok-Lucia"},"content":{"rendered":"<p>Jag h\u00e4lsar glad Lucia med en bild. Hon m\u00e5 inte se s\u00e5 bokig ut, men hon fotades hemma hos M under g\u00e5rdagens bokcirkel, s\u00e5 det kvalar in tycker jag. <\/p>\n<p><a href=\"http:\/\/www.flickr.com\/photos\/granding\/8267358035\/\" title=\"Glad Lucia! by Granding, on Flickr\"><img loading=\"lazy\" src=\"http:\/\/farm9.staticflickr.com\/8199\/8267358035_0581e1a402.jpg\" width=\"500\" height=\"500\" alt=\"Glad Lucia!\"><\/a><\/p>\n","protected":false},"excerpt":{"rendered":"<p>Jag h\u00e4lsar glad Lucia med en bild. Hon m\u00e5 inte se s\u00e5 bokig ut, men hon fotades hemma hos M under g\u00e5rdagens bokcirkel, s\u00e5 det kvalar in tycker jag.<\/p>\n","protected":false},"author":1,"featured_media":0,"comment_status":"open","ping_status":"open","sticky":false,"template":"","format":"standard","meta":[],"categories":[4],"tags":[9],"featured_image_src":null,"featured_image_src_square":null,"author_info":{"display_name":"Josefine","author_link":"https:\/\/iminbokhylla.se\/?author=1"},"_links":{"self":[{"href":"https:\/\/iminbokhylla.se\/index.php?rest_route=\/wp\/v2\/posts\/3140"}],"collection":[{"href":"https:\/\/iminbokhylla.se\/index.php?rest_route=\/wp\/v2\/posts"}],"about":[{"href":"https:\/\/iminbokhylla.se\/index.php?rest_route=\/wp\/v2\/types\/post"}],"author":[{"embeddable":true,"href":"https:\/\/iminbokhylla.se\/index.php?rest_route=\/wp\/v2\/users\/1"}],"replies":[{"embeddable":true,"href":"https:\/\/iminbokhylla.se\/index.php?rest_route=%2Fwp%2Fv2%2Fcomments&post=3140"}],"version-history":[{"count":0,"href":"https:\/\/iminbokhylla.se\/index.php?rest_route=\/wp\/v2\/posts\/3140\/revisions"}],"wp:attachment":[{"href":"https:\/\/iminbokhylla.se\/index.php?rest_route=%2Fwp%2Fv2%2Fmedia&parent=3140"}],"wp:term":[{"taxonomy":"category","embeddable":true,"href":"https:\/\/iminbokhylla.se\/index.php?rest_route=%2Fwp%2Fv2%2Fcategories&post=3140"},{"taxonomy":"post_tag","embeddable":true,"href":"https:\/\/iminbokhylla.se\/index.php?rest_route=%2Fwp%2Fv2%2Ftags&post=3140"}],"curies":[{"name":"wp","href":"https:\/\/api.w.org\/{rel}","templated":true}]}}