{"id":3092,"date":"2012-11-23T22:42:55","date_gmt":"2012-11-23T20:42:55","guid":{"rendered":"https:\/\/iminbokhylla.se\/?p=3092"},"modified":"2012-11-23T22:42:55","modified_gmt":"2012-11-23T20:42:55","slug":"vykort-fran-vastindien","status":"publish","type":"post","link":"https:\/\/iminbokhylla.se\/?p=3092","title":{"rendered":"Vykort fr\u00e5n V\u00e4stindien"},"content":{"rendered":"<p>H\u00e4lsningar fr\u00e5n Grenada!<\/p>\n<p><a href=\"http:\/\/www.flickr.com\/photos\/granding\/8212211944\/\" title=\"Syssels\u00e4ttning by Granding, on Flickr\"><img loading=\"lazy\" src=\"http:\/\/farm9.staticflickr.com\/8060\/8212211944_7d996ac68e.jpg\" width=\"375\" height=\"500\" alt=\"Syssels\u00e4ttning\"><\/a><\/p>\n","protected":false},"excerpt":{"rendered":"<p>H\u00e4lsningar fr\u00e5n Grenada!<\/p>\n","protected":false},"author":1,"featured_media":0,"comment_status":"open","ping_status":"open","sticky":false,"template":"","format":"standard","meta":[],"categories":[4],"tags":[9],"featured_image_src":null,"featured_image_src_square":null,"author_info":{"display_name":"Josefine","author_link":"https:\/\/iminbokhylla.se\/?author=1"},"_links":{"self":[{"href":"https:\/\/iminbokhylla.se\/index.php?rest_route=\/wp\/v2\/posts\/3092"}],"collection":[{"href":"https:\/\/iminbokhylla.se\/index.php?rest_route=\/wp\/v2\/posts"}],"about":[{"href":"https:\/\/iminbokhylla.se\/index.php?rest_route=\/wp\/v2\/types\/post"}],"author":[{"embeddable":true,"href":"https:\/\/iminbokhylla.se\/index.php?rest_route=\/wp\/v2\/users\/1"}],"replies":[{"embeddable":true,"href":"https:\/\/iminbokhylla.se\/index.php?rest_route=%2Fwp%2Fv2%2Fcomments&post=3092"}],"version-history":[{"count":0,"href":"https:\/\/iminbokhylla.se\/index.php?rest_route=\/wp\/v2\/posts\/3092\/revisions"}],"wp:attachment":[{"href":"https:\/\/iminbokhylla.se\/index.php?rest_route=%2Fwp%2Fv2%2Fmedia&parent=3092"}],"wp:term":[{"taxonomy":"category","embeddable":true,"href":"https:\/\/iminbokhylla.se\/index.php?rest_route=%2Fwp%2Fv2%2Fcategories&post=3092"},{"taxonomy":"post_tag","embeddable":true,"href":"https:\/\/iminbokhylla.se\/index.php?rest_route=%2Fwp%2Fv2%2Ftags&post=3092"}],"curies":[{"name":"wp","href":"https:\/\/api.w.org\/{rel}","templated":true}]}}