{"id":3089,"date":"2012-11-16T15:45:06","date_gmt":"2012-11-16T13:45:06","guid":{"rendered":"https:\/\/iminbokhylla.se\/?p=3089"},"modified":"2012-11-16T15:45:06","modified_gmt":"2012-11-16T13:45:06","slug":"dags-att-packa-igen","status":"publish","type":"post","link":"https:\/\/iminbokhylla.se\/?p=3089","title":{"rendered":"Dags att packa igen"},"content":{"rendered":"<p>Det \u00e4r dags att packa igen. I helgen \u00e5ker jag en kortis till G\u00f6teborg f\u00f6r att g\u00e5 p\u00e5 konsert (och bor av en slump p\u00e5 mitt  bokiga bokm\u00e4ssehotell igen), och p\u00e5 tisdag \u00e5ker jag till Grenada i V\u00e4stindien. <\/p>\n<p>Till G\u00f6teborg blir det den boken jag nyss b\u00f6rjat med (och k\u00e4mpar f\u00f6r att komma in i) och ipaden som backup. Det kan bli noll l\u00e4stid, eller mycket. Har verkligen ingen aning. <\/p>\n<p>P\u00e5 Grenadaresan hoppas jag p\u00e5 desto mer l\u00e4sning. L\u00e5nga flygresor, strandh\u00e4ng, siestor p\u00e5 hotellrummet. Och d\u00e5 blir den eviga fr\u00e5gan: hur ska jag bokpacka? Under sommarens l\u00e5nga bilresa blev det fr\u00e4mst ipadl\u00e4sning, men nu har jag s\u00e5 sjukt m\u00e5nga pappersb\u00f6cker jag m\u00e5ste l\u00e4sa. Samtidigt vill jag f\u00f6rst\u00e5s inte fylla v\u00e4skan med b\u00f6cker. Troligen blir det d\u00e4rf\u00f6r ett g\u00e4ng Excess-b\u00f6cker. K\u00e4nns som ett bra format just vid detta tillf\u00e4lle. Vilket inneb\u00e4r Knausg\u00e5rds Min kamp del 2, 3, 4. Vi f\u00e5r se hur det g\u00e5r, jag var inte s\u00e4rskilt f\u00f6rtjust i del 1.<\/p>\n","protected":false},"excerpt":{"rendered":"<p>Det \u00e4r dags att packa igen. I helgen \u00e5ker jag en kortis till G\u00f6teborg f\u00f6r att g\u00e5 p\u00e5 konsert (och bor av en slump p\u00e5 mitt bokiga bokm\u00e4ssehotell igen), och p\u00e5 tisdag \u00e5ker jag till Grenada i V\u00e4stindien. Till G\u00f6teborg blir det den boken jag nyss b\u00f6rjat med (och k\u00e4mpar f\u00f6r att komma in i) &hellip; <a href=\"https:\/\/iminbokhylla.se\/?p=3089\" class=\"more-link\">Forts\u00e4tt l\u00e4sa<span class=\"screen-reader-text\"> \u201dDags att packa igen\u201d<\/span><\/a><\/p>\n","protected":false},"author":1,"featured_media":0,"comment_status":"open","ping_status":"open","sticky":false,"template":"","format":"standard","meta":[],"categories":[4],"tags":[9],"featured_image_src":null,"featured_image_src_square":null,"author_info":{"display_name":"Josefine","author_link":"https:\/\/iminbokhylla.se\/?author=1"},"_links":{"self":[{"href":"https:\/\/iminbokhylla.se\/index.php?rest_route=\/wp\/v2\/posts\/3089"}],"collection":[{"href":"https:\/\/iminbokhylla.se\/index.php?rest_route=\/wp\/v2\/posts"}],"about":[{"href":"https:\/\/iminbokhylla.se\/index.php?rest_route=\/wp\/v2\/types\/post"}],"author":[{"embeddable":true,"href":"https:\/\/iminbokhylla.se\/index.php?rest_route=\/wp\/v2\/users\/1"}],"replies":[{"embeddable":true,"href":"https:\/\/iminbokhylla.se\/index.php?rest_route=%2Fwp%2Fv2%2Fcomments&post=3089"}],"version-history":[{"count":0,"href":"https:\/\/iminbokhylla.se\/index.php?rest_route=\/wp\/v2\/posts\/3089\/revisions"}],"wp:attachment":[{"href":"https:\/\/iminbokhylla.se\/index.php?rest_route=%2Fwp%2Fv2%2Fmedia&parent=3089"}],"wp:term":[{"taxonomy":"category","embeddable":true,"href":"https:\/\/iminbokhylla.se\/index.php?rest_route=%2Fwp%2Fv2%2Fcategories&post=3089"},{"taxonomy":"post_tag","embeddable":true,"href":"https:\/\/iminbokhylla.se\/index.php?rest_route=%2Fwp%2Fv2%2Ftags&post=3089"}],"curies":[{"name":"wp","href":"https:\/\/api.w.org\/{rel}","templated":true}]}}