{"id":3059,"date":"2012-10-26T13:23:04","date_gmt":"2012-10-26T11:23:04","guid":{"rendered":"https:\/\/iminbokhylla.se\/?p=3059"},"modified":"2012-10-26T13:23:04","modified_gmt":"2012-10-26T11:23:04","slug":"sugen-pa-en-helg-av-boknorderi","status":"publish","type":"post","link":"https:\/\/iminbokhylla.se\/?p=3059","title":{"rendered":"Sugen p\u00e5 en helg av bokn\u00f6rderi?"},"content":{"rendered":"<p><a href=\"https:\/\/iminbokhylla.se\/?p=2207\">I februari \u00e5kte jag tillsammans med tv\u00e5 v\u00e4nner p\u00e5 Bokresan.nu<\/a>. En helg full av bokn\u00f6rderi. Idag kom det info om att det blir en s\u00e5dan resa 2013 ocks\u00e5, men den h\u00e4r g\u00e5ngen i april. Jag vet \u00e4nnu inte om jag kommer f\u00f6lja med, men tipsar g\u00e4rna er andra. <\/p>\n<p><a href=\"http:\/\/www.bokresan.nu\/2012\/10\/save-the-date\/\">Mer info om Bokresan 2013 hittar du h\u00e4r<\/a>. <\/p>\n","protected":false},"excerpt":{"rendered":"<p>I februari \u00e5kte jag tillsammans med tv\u00e5 v\u00e4nner p\u00e5 Bokresan.nu. En helg full av bokn\u00f6rderi. Idag kom det info om att det blir en s\u00e5dan resa 2013 ocks\u00e5, men den h\u00e4r g\u00e5ngen i april. Jag vet \u00e4nnu inte om jag kommer f\u00f6lja med, men tipsar g\u00e4rna er andra. Mer info om Bokresan 2013 hittar du &hellip; <a href=\"https:\/\/iminbokhylla.se\/?p=3059\" class=\"more-link\">Forts\u00e4tt l\u00e4sa<span class=\"screen-reader-text\"> \u201dSugen p\u00e5 en helg av bokn\u00f6rderi?\u201d<\/span><\/a><\/p>\n","protected":false},"author":1,"featured_media":0,"comment_status":"open","ping_status":"open","sticky":false,"template":"","format":"standard","meta":[],"categories":[4],"tags":[],"featured_image_src":null,"featured_image_src_square":null,"author_info":{"display_name":"Josefine","author_link":"https:\/\/iminbokhylla.se\/?author=1"},"_links":{"self":[{"href":"https:\/\/iminbokhylla.se\/index.php?rest_route=\/wp\/v2\/posts\/3059"}],"collection":[{"href":"https:\/\/iminbokhylla.se\/index.php?rest_route=\/wp\/v2\/posts"}],"about":[{"href":"https:\/\/iminbokhylla.se\/index.php?rest_route=\/wp\/v2\/types\/post"}],"author":[{"embeddable":true,"href":"https:\/\/iminbokhylla.se\/index.php?rest_route=\/wp\/v2\/users\/1"}],"replies":[{"embeddable":true,"href":"https:\/\/iminbokhylla.se\/index.php?rest_route=%2Fwp%2Fv2%2Fcomments&post=3059"}],"version-history":[{"count":0,"href":"https:\/\/iminbokhylla.se\/index.php?rest_route=\/wp\/v2\/posts\/3059\/revisions"}],"wp:attachment":[{"href":"https:\/\/iminbokhylla.se\/index.php?rest_route=%2Fwp%2Fv2%2Fmedia&parent=3059"}],"wp:term":[{"taxonomy":"category","embeddable":true,"href":"https:\/\/iminbokhylla.se\/index.php?rest_route=%2Fwp%2Fv2%2Fcategories&post=3059"},{"taxonomy":"post_tag","embeddable":true,"href":"https:\/\/iminbokhylla.se\/index.php?rest_route=%2Fwp%2Fv2%2Ftags&post=3059"}],"curies":[{"name":"wp","href":"https:\/\/api.w.org\/{rel}","templated":true}]}}