{"id":3042,"date":"2012-10-19T11:16:07","date_gmt":"2012-10-19T09:16:07","guid":{"rendered":"https:\/\/iminbokhylla.se\/?p=3042"},"modified":"2012-10-19T11:37:55","modified_gmt":"2012-10-19T09:37:55","slug":"pa-spaning-i-berlin","status":"publish","type":"post","link":"https:\/\/iminbokhylla.se\/?p=3042","title":{"rendered":"P\u00e5 spaning i Berlin"},"content":{"rendered":"<p>Det blev <a href=\"https:\/\/iminbokhylla.se\/?p=3031\">ju en minibok med e-b\u00f6cker<\/a> som backup till Berlin nyss. Det blev inte s\u00e5 mycket tid f\u00f6r l\u00e4sning, men Min kamp del 1 hann jag i alla fall l\u00e4sa ut, mest p\u00e5 flygresorna. <\/p>\n<p>Men \u00e4ven om jag inte hann l\u00e4sa s\u00e5 mycket hann jag spana. F\u00f6rst\u00e5s! Tv\u00e5 roliga boksaker hittade jag.<\/p>\n<p><strong>Ampelmann-bokst\u00f6d<\/strong><br \/>\nI \u00d6sttyskland hade man en annan sorts gr\u00f6n och r\u00f6d gubbe \u00e4n man hade i V\u00e4sttyskland. Denna figur, Ampelmann, har idag blivit en symbol f\u00f6r Berlin. H\u00e4r som bokst\u00f6d!<br \/>\n<a href=\"http:\/\/www.flickr.com\/photos\/granding\/8090427826\/\" title=\"Ampelman-bokst\u00f6d i Berlin by Granding, on Flickr\"><img loading=\"lazy\" src=\"http:\/\/farm9.staticflickr.com\/8336\/8090427826_1f4dd1ec73.jpg\" width=\"500\" height=\"375\" alt=\"Ampelman-bokst\u00f6d i Berlin\"><\/a><\/p>\n<p><strong>Adventskalender<\/strong><br \/>\nTyskland \u00e4lskar ju julen och p\u00e5 ett varuhus hittade jag den h\u00e4r. En adventskalender som inneh\u00e5ller en bok!<br \/>\n<a href=\"http:\/\/www.flickr.com\/photos\/granding\/8090420867\/\" title=\"Annorlunda adventskalender i Berlin by Granding, on Flickr\"><img loading=\"lazy\" src=\"http:\/\/farm9.staticflickr.com\/8190\/8090420867_78c9ce1753.jpg\" width=\"500\" height=\"375\" alt=\"Annorlunda adventskalender i Berlin\"><\/a><\/p>\n","protected":false},"excerpt":{"rendered":"<p>Det blev ju en minibok med e-b\u00f6cker som backup till Berlin nyss. Det blev inte s\u00e5 mycket tid f\u00f6r l\u00e4sning, men Min kamp del 1 hann jag i alla fall l\u00e4sa ut, mest p\u00e5 flygresorna. Men \u00e4ven om jag inte hann l\u00e4sa s\u00e5 mycket hann jag spana. F\u00f6rst\u00e5s! Tv\u00e5 roliga boksaker hittade jag. Ampelmann-bokst\u00f6d I &hellip; <a href=\"https:\/\/iminbokhylla.se\/?p=3042\" class=\"more-link\">Forts\u00e4tt l\u00e4sa<span class=\"screen-reader-text\"> \u201dP\u00e5 spaning i Berlin\u201d<\/span><\/a><\/p>\n","protected":false},"author":1,"featured_media":0,"comment_status":"open","ping_status":"open","sticky":false,"template":"","format":"standard","meta":[],"categories":[4],"tags":[9],"featured_image_src":null,"featured_image_src_square":null,"author_info":{"display_name":"Josefine","author_link":"https:\/\/iminbokhylla.se\/?author=1"},"_links":{"self":[{"href":"https:\/\/iminbokhylla.se\/index.php?rest_route=\/wp\/v2\/posts\/3042"}],"collection":[{"href":"https:\/\/iminbokhylla.se\/index.php?rest_route=\/wp\/v2\/posts"}],"about":[{"href":"https:\/\/iminbokhylla.se\/index.php?rest_route=\/wp\/v2\/types\/post"}],"author":[{"embeddable":true,"href":"https:\/\/iminbokhylla.se\/index.php?rest_route=\/wp\/v2\/users\/1"}],"replies":[{"embeddable":true,"href":"https:\/\/iminbokhylla.se\/index.php?rest_route=%2Fwp%2Fv2%2Fcomments&post=3042"}],"version-history":[{"count":0,"href":"https:\/\/iminbokhylla.se\/index.php?rest_route=\/wp\/v2\/posts\/3042\/revisions"}],"wp:attachment":[{"href":"https:\/\/iminbokhylla.se\/index.php?rest_route=%2Fwp%2Fv2%2Fmedia&parent=3042"}],"wp:term":[{"taxonomy":"category","embeddable":true,"href":"https:\/\/iminbokhylla.se\/index.php?rest_route=%2Fwp%2Fv2%2Fcategories&post=3042"},{"taxonomy":"post_tag","embeddable":true,"href":"https:\/\/iminbokhylla.se\/index.php?rest_route=%2Fwp%2Fv2%2Ftags&post=3042"}],"curies":[{"name":"wp","href":"https:\/\/api.w.org\/{rel}","templated":true}]}}