{"id":3031,"date":"2012-10-10T12:29:27","date_gmt":"2012-10-10T10:29:27","guid":{"rendered":"https:\/\/iminbokhylla.se\/?p=3031"},"modified":"2012-10-17T21:18:21","modified_gmt":"2012-10-17T19:18:21","slug":"till-berlin-med-en-minibok","status":"publish","type":"post","link":"https:\/\/iminbokhylla.se\/?p=3031","title":{"rendered":"Till Berlin med en minibok"},"content":{"rendered":"<p>Om 2011 var det stillasittande \u00e5ret \u00e4r 2012 det resande \u00e5ret (och med resor menar jag n\u00e5gonting med en \u00f6vernattning). Jag har varit M\u00fcnchen, Vemdalen, Las Vegas, G\u00f6teborg, Norrt\u00e4lje, Oskarshamn, Barcelona, V\u00e4ster\u00e5s, Irland och p\u00e5 en 11 l\u00e4nder l\u00e5ng bilsemester hittills i \u00e5r. Nu \u00e4r det dags igen. Idag \u00e5ker sambon, sv\u00e4rmor och jag till Berlin. <\/p>\n<p>Den h\u00e4r g\u00e5ngen har jag inte haft n\u00e5gon \u00e5ngest alls f\u00f6r bokpackningen. Jag tar med mig en bok i det beh\u00e4ndiga <a href=\"http:\/\/excess.nu\/\">Excess<\/a>-formatet och ipaden som backup. <\/p>\n<p><a href=\"https:\/\/iminbokhylla.se\/wp-content\/uploads\/2012\/10\/Min-kamp.jpeg\"><img loading=\"lazy\" src=\"https:\/\/iminbokhylla.se\/wp-content\/uploads\/2012\/10\/Min-kamp-300x200.jpeg\" alt=\"\" title=\"Min kamp\" width=\"300\" height=\"200\" class=\"alignnone size-medium wp-image-3033\" srcset=\"https:\/\/iminbokhylla.se\/wp-content\/uploads\/2012\/10\/Min-kamp-300x200.jpeg 300w, https:\/\/iminbokhylla.se\/wp-content\/uploads\/2012\/10\/Min-kamp.jpeg 342w\" sizes=\"(max-width: 300px) 85vw, 300px\" \/><\/a><\/p>\n<p><em>Ja, jag vet att jag \u00e4r sist, men jag har inte l\u00e4st denna \u00e4n.<\/em><\/p>\n","protected":false},"excerpt":{"rendered":"<p>Om 2011 var det stillasittande \u00e5ret \u00e4r 2012 det resande \u00e5ret (och med resor menar jag n\u00e5gonting med en \u00f6vernattning). Jag har varit M\u00fcnchen, Vemdalen, Las Vegas, G\u00f6teborg, Norrt\u00e4lje, Oskarshamn, Barcelona, V\u00e4ster\u00e5s, Irland och p\u00e5 en 11 l\u00e4nder l\u00e5ng bilsemester hittills i \u00e5r. Nu \u00e4r det dags igen. Idag \u00e5ker sambon, sv\u00e4rmor och jag till &hellip; <a href=\"https:\/\/iminbokhylla.se\/?p=3031\" class=\"more-link\">Forts\u00e4tt l\u00e4sa<span class=\"screen-reader-text\"> \u201dTill Berlin med en minibok\u201d<\/span><\/a><\/p>\n","protected":false},"author":1,"featured_media":0,"comment_status":"open","ping_status":"open","sticky":false,"template":"","format":"standard","meta":[],"categories":[4],"tags":[9],"featured_image_src":null,"featured_image_src_square":null,"author_info":{"display_name":"Josefine","author_link":"https:\/\/iminbokhylla.se\/?author=1"},"_links":{"self":[{"href":"https:\/\/iminbokhylla.se\/index.php?rest_route=\/wp\/v2\/posts\/3031"}],"collection":[{"href":"https:\/\/iminbokhylla.se\/index.php?rest_route=\/wp\/v2\/posts"}],"about":[{"href":"https:\/\/iminbokhylla.se\/index.php?rest_route=\/wp\/v2\/types\/post"}],"author":[{"embeddable":true,"href":"https:\/\/iminbokhylla.se\/index.php?rest_route=\/wp\/v2\/users\/1"}],"replies":[{"embeddable":true,"href":"https:\/\/iminbokhylla.se\/index.php?rest_route=%2Fwp%2Fv2%2Fcomments&post=3031"}],"version-history":[{"count":0,"href":"https:\/\/iminbokhylla.se\/index.php?rest_route=\/wp\/v2\/posts\/3031\/revisions"}],"wp:attachment":[{"href":"https:\/\/iminbokhylla.se\/index.php?rest_route=%2Fwp%2Fv2%2Fmedia&parent=3031"}],"wp:term":[{"taxonomy":"category","embeddable":true,"href":"https:\/\/iminbokhylla.se\/index.php?rest_route=%2Fwp%2Fv2%2Fcategories&post=3031"},{"taxonomy":"post_tag","embeddable":true,"href":"https:\/\/iminbokhylla.se\/index.php?rest_route=%2Fwp%2Fv2%2Ftags&post=3031"}],"curies":[{"name":"wp","href":"https:\/\/api.w.org\/{rel}","templated":true}]}}