{"id":3008,"date":"2012-10-03T10:53:38","date_gmt":"2012-10-03T08:53:38","guid":{"rendered":"https:\/\/iminbokhylla.se\/?p=3008"},"modified":"2012-10-02T15:12:23","modified_gmt":"2012-10-02T13:12:23","slug":"min-bokmassa-2012","status":"publish","type":"post","link":"https:\/\/iminbokhylla.se\/?p=3008","title":{"rendered":"Min bokm\u00e4ssa 2012"},"content":{"rendered":"<p>S\u00e5, nu f\u00e5r vi nog r\u00e4kna Bokm\u00e4ssan 2012 som slut. Ett sista inl\u00e4gg, om min m\u00e4ssa.<\/p>\n<p>Jag hade med mig 34 b\u00f6cker hem:<\/p>\n<ul>\n<li>11 k\u00f6pta b\u00f6cker<\/li>\n<li>3 recensionsexemplar<\/li>\n<li>2 b\u00f6cker till <a href=\"https:\/\/iminbokhylla.se\/?p=2902\">f\u00f6delsedagspresenten<\/a><\/li>\n<li>18 b\u00f6cker fr\u00e5n goodiebags<\/li>\n<\/ul>\n<p><a href=\"http:\/\/bokbabbel.com\/2012\/10\/01\/post-bokmasseenkat\/\">Flera<\/a> av mina <a href=\"http:\/\/www.spetsig.se\/?p=6794\">bokbloggarkollegor<\/a> har svarat p\u00e5 en enk\u00e4t. Jag g\u00f6r det samma:<br \/>\n<strong>\u00c5rets seminarium:\u00a0<\/strong>\u00c5h, det vet jag inte.<br \/>\n<strong>\u00c5rets pryl:<\/strong> Mitt extrabatteri till iphonen. Ov\u00e4rderligt!<br \/>\n<strong>\u00c5rets fynd:<\/strong>\u00a0Hmm, det har jag sv\u00e5rt att utse faktiskt.<br \/>\n<strong>\u00c5rets r\u00e4kmacka:<\/strong>\u00a0\u00c4ter inte r\u00e4kor. \u00c5t d\u00e4remot k\u00f6ttbullar uppe i den klassiska r\u00e4kmackerestaurangen p\u00e5 Bokm\u00e4ssan f\u00f6rra \u00e5ret. I \u00e5r lyckades vi aldrig med det.<br \/>\n<strong>\u00c5rets miss:<\/strong>\u00a0F\u00f6rsta dagen var vi f\u00f6r ostrukturerade.<br \/>\n<strong>\u00c5rets mest irriterande:<\/strong>\u00a0Att det \u00e4r s\u00e5 ohyggligt d\u00e5lig t\u00e4ckning inne p\u00e5 m\u00e4ssan. Blir galet frustrerad.<br \/>\n<strong>\u00c5rets roligaste:<\/strong>\u00a0Blandningen! Seminarier, semester, mingel, montrar, middag med kompis.<br \/>\n<strong>\u00c5rets lyxigaste:<\/strong>\u00a0Att vi bodde p\u00e5 ett mycket b\u00e4ttre hotell i \u00e5r, som dessutom l\u00e5g vid en sp\u00e5rvagnsstation. Sk\u00f6nt att \u00e5ka fram och tillbaka till m\u00e4ssan ist\u00e4llet f\u00f6r att g\u00e5!<br \/>\n<strong>\u00c5rets outfit:<\/strong> Att jag kom ih\u00e5g att ha kl\u00e4der med fickor. Det var en av de viktigaste l\u00e4rdomarna fr\u00e5n f\u00f6rra \u00e5ret, att man vill ha kl\u00e4der med fickor. S\u00e5 det hade jag i \u00e5r. Mycket smart.<br \/>\n<strong>\u00c5rets l\u00e4sning:<\/strong>\u00a0Jag l\u00e4ste inte en rad, f\u00f6rutom bloggar, Facebook och Twitter under Bokm\u00e4ssan. Varken hann eller orkade.<br \/>\n<strong>\u00c5rets signering:<\/strong>\u00a0Alla signeringar \u00e4r kul, men det var ingen &#8221;dr\u00f6msignering&#8221;. (Har i och f\u00f6r sig v\u00e4ldigt sv\u00e5rt att se vem en dr\u00f6msignering skulle vara.)<br \/>\n<strong>\u00c5rets tygp\u00e5se:<\/strong>\u00a0Tygp\u00e5sar \u00e4r inte min grej. Alls.<\/p>\n<p>N\u00e4sta \u00e5r:<\/p>\n<ul>\n<li>Ska jag verkligen ha kl\u00e4der med fickor igen.<\/li>\n<li>Ska jag anv\u00e4nda min supersmarta <a href=\"https:\/\/iminbokhylla.se\/?p=2875\">v\u00e4ska<\/a> igen.<\/li>\n<li>Ska vi t\u00e4nka annorlunda n\u00e4r det g\u00e4ller seminarierna. L\u00e4gga mer tid p\u00e5 planeringen.<\/li>\n<li>Ska vi bo p\u00e5 Park. Ja, hotellet \u00e4r redan bokat.<\/li>\n<li>Ska vi nog \u00e5ka hem lite tidigare p\u00e5 s\u00f6ndagen, eller vara lediga p\u00e5 m\u00e5ndagen.<\/li>\n<li>Ska jag nog forts\u00e4tta att bara fota med mobilen. Visst, <a href=\"http:\/\/www.flickr.com\/photos\/granding\/sets\/72157631669396416\/\">\u00e5rets bilder<\/a> \u00e4r trista, men jag orkar bara inte sl\u00e4pa med &#8211; eller anv\u00e4nda &#8211; kameran.<\/li>\n<\/ul>\n","protected":false},"excerpt":{"rendered":"<p>S\u00e5, nu f\u00e5r vi nog r\u00e4kna Bokm\u00e4ssan 2012 som slut. Ett sista inl\u00e4gg, om min m\u00e4ssa. Jag hade med mig 34 b\u00f6cker hem: 11 k\u00f6pta b\u00f6cker 3 recensionsexemplar 2 b\u00f6cker till f\u00f6delsedagspresenten 18 b\u00f6cker fr\u00e5n goodiebags Flera av mina bokbloggarkollegor har svarat p\u00e5 en enk\u00e4t. Jag g\u00f6r det samma: \u00c5rets seminarium:\u00a0\u00c5h, det vet jag inte. &hellip; <a href=\"https:\/\/iminbokhylla.se\/?p=3008\" class=\"more-link\">Forts\u00e4tt l\u00e4sa<span class=\"screen-reader-text\"> \u201dMin bokm\u00e4ssa 2012\u201d<\/span><\/a><\/p>\n","protected":false},"author":1,"featured_media":0,"comment_status":"open","ping_status":"open","sticky":false,"template":"","format":"standard","meta":[],"categories":[12],"tags":[9],"featured_image_src":null,"featured_image_src_square":null,"author_info":{"display_name":"Josefine","author_link":"https:\/\/iminbokhylla.se\/?author=1"},"_links":{"self":[{"href":"https:\/\/iminbokhylla.se\/index.php?rest_route=\/wp\/v2\/posts\/3008"}],"collection":[{"href":"https:\/\/iminbokhylla.se\/index.php?rest_route=\/wp\/v2\/posts"}],"about":[{"href":"https:\/\/iminbokhylla.se\/index.php?rest_route=\/wp\/v2\/types\/post"}],"author":[{"embeddable":true,"href":"https:\/\/iminbokhylla.se\/index.php?rest_route=\/wp\/v2\/users\/1"}],"replies":[{"embeddable":true,"href":"https:\/\/iminbokhylla.se\/index.php?rest_route=%2Fwp%2Fv2%2Fcomments&post=3008"}],"version-history":[{"count":0,"href":"https:\/\/iminbokhylla.se\/index.php?rest_route=\/wp\/v2\/posts\/3008\/revisions"}],"wp:attachment":[{"href":"https:\/\/iminbokhylla.se\/index.php?rest_route=%2Fwp%2Fv2%2Fmedia&parent=3008"}],"wp:term":[{"taxonomy":"category","embeddable":true,"href":"https:\/\/iminbokhylla.se\/index.php?rest_route=%2Fwp%2Fv2%2Fcategories&post=3008"},{"taxonomy":"post_tag","embeddable":true,"href":"https:\/\/iminbokhylla.se\/index.php?rest_route=%2Fwp%2Fv2%2Ftags&post=3008"}],"curies":[{"name":"wp","href":"https:\/\/api.w.org\/{rel}","templated":true}]}}