{"id":3003,"date":"2012-10-01T22:36:41","date_gmt":"2012-10-01T20:36:41","guid":{"rendered":"https:\/\/iminbokhylla.se\/?p=3003"},"modified":"2012-10-01T22:09:35","modified_gmt":"2012-10-01T20:09:35","slug":"bokmassan-sondag-bast-och-samst","status":"publish","type":"post","link":"https:\/\/iminbokhylla.se\/?p=3003","title":{"rendered":"Bokm\u00e4ssan s\u00f6ndag: b\u00e4st och s\u00e4mst"},"content":{"rendered":"<p>S\u00e4mst s\u00f6ndag: att m\u00e4ssan tog slut, f\u00f6rst\u00e5s. (Men lite sk\u00f6nt \u00e4nd\u00e5, mer hade man inte orkat).<\/p>\n<p>B\u00e4st s\u00f6ndag: att alla seminarier vi gick p\u00e5 h\u00f6ll s\u00e5 pass bra kvalitet. <\/p>\n","protected":false},"excerpt":{"rendered":"<p>S\u00e4mst s\u00f6ndag: att m\u00e4ssan tog slut, f\u00f6rst\u00e5s. (Men lite sk\u00f6nt \u00e4nd\u00e5, mer hade man inte orkat). B\u00e4st s\u00f6ndag: att alla seminarier vi gick p\u00e5 h\u00f6ll s\u00e5 pass bra kvalitet.<\/p>\n","protected":false},"author":1,"featured_media":0,"comment_status":"open","ping_status":"open","sticky":false,"template":"","format":"standard","meta":[],"categories":[12],"tags":[9],"featured_image_src":null,"featured_image_src_square":null,"author_info":{"display_name":"Josefine","author_link":"https:\/\/iminbokhylla.se\/?author=1"},"_links":{"self":[{"href":"https:\/\/iminbokhylla.se\/index.php?rest_route=\/wp\/v2\/posts\/3003"}],"collection":[{"href":"https:\/\/iminbokhylla.se\/index.php?rest_route=\/wp\/v2\/posts"}],"about":[{"href":"https:\/\/iminbokhylla.se\/index.php?rest_route=\/wp\/v2\/types\/post"}],"author":[{"embeddable":true,"href":"https:\/\/iminbokhylla.se\/index.php?rest_route=\/wp\/v2\/users\/1"}],"replies":[{"embeddable":true,"href":"https:\/\/iminbokhylla.se\/index.php?rest_route=%2Fwp%2Fv2%2Fcomments&post=3003"}],"version-history":[{"count":0,"href":"https:\/\/iminbokhylla.se\/index.php?rest_route=\/wp\/v2\/posts\/3003\/revisions"}],"wp:attachment":[{"href":"https:\/\/iminbokhylla.se\/index.php?rest_route=%2Fwp%2Fv2%2Fmedia&parent=3003"}],"wp:term":[{"taxonomy":"category","embeddable":true,"href":"https:\/\/iminbokhylla.se\/index.php?rest_route=%2Fwp%2Fv2%2Fcategories&post=3003"},{"taxonomy":"post_tag","embeddable":true,"href":"https:\/\/iminbokhylla.se\/index.php?rest_route=%2Fwp%2Fv2%2Ftags&post=3003"}],"curies":[{"name":"wp","href":"https:\/\/api.w.org\/{rel}","templated":true}]}}