{"id":2999,"date":"2012-10-01T22:06:22","date_gmt":"2012-10-01T20:06:22","guid":{"rendered":"https:\/\/iminbokhylla.se\/?p=2999"},"modified":"2012-10-01T22:06:22","modified_gmt":"2012-10-01T20:06:22","slug":"bokmassan-sondag-bra-seminarier-linslus-tagkaos-med-avec","status":"publish","type":"post","link":"https:\/\/iminbokhylla.se\/?p=2999","title":{"rendered":"Bokm\u00e4ssan s\u00f6ndag: bra seminarier, linslus, t\u00e5gkaos med avec"},"content":{"rendered":"<p>S\u00f6ndagen kan sammanfattas med &#8221;bra seminarier, linslus, t\u00e5gkaos med avec&#8221;.<\/p>\n<p>Vi vaknade lite stressade, vi hade ju seminariekort och k\u00e4nde att vi inte alls utnyttjat dem som vi borde. S\u00e5 s\u00f6ndag blev seminariedag och vi lyssnade p\u00e5 Marcus Samuelsson hos DN, Fadersmord med Carina Bergfeldt, Hovjournalistik d\u00e5 och nu, Sj\u00f6vall Wahl\u00f6\u00f6 och Mitt positiva liv.<\/p>\n<p><a href=\"http:\/\/www.flickr.com\/photos\/granding\/8040579315\/\" title=\"S\u00f6ndagen by Granding, on Flickr\"><img loading=\"lazy\" src=\"http:\/\/farm9.staticflickr.com\/8461\/8040579315_cdfba31eea.jpg\" width=\"500\" height=\"500\" alt=\"S\u00f6ndagen\"><\/a><\/p>\n<p>Samuelsson pratade om sin nya bok, en memoarbok med matinslag, intressant! Men det blev inget bokink\u00f6p. Direkt efter det fokuserade vi p\u00e5 kvinnomisshandel tillsammans med Carina Bergfeldt som har skrivit en roman p\u00e5 temat. Carina jobbar tillvardags p\u00e5 Aftonbladet och hennes podradio fr\u00e5n i somras \u00e4r n\u00e5got av det b\u00e4sta jag h\u00f6rt. (<a href=\"http:\/\/www.aftonbladet.se\/sommarextra\/article15184579.ab\">Du kan lyssna h\u00e4r<\/a>). <\/p>\n<p>Expressens Johan T Lindwall och den h\u00e4rliga historikern Christopher O&#8217;Regan diskuterade hovjournalistik d\u00e5 och nu. Sp\u00e4nnande, men lite f\u00f6r ouppstyrt. Jag gillar verkligen O&#8217;Regan, men han beh\u00f6ver h\u00e5rd moderering. Piratf\u00f6rlagets VD Ann-Marie Skarp f\u00f6rde ett samtal med Maj Sj\u00f6vall. Jag har inte l\u00e4st en enda Sj\u00f6vall\/Wahl\u00f6\u00f6-bok (!) men fick h\u00f6ra mycket intressant om hur paret tr\u00e4ffades, hur de jobbade tillsammans och motiven med b\u00f6ckerna. <\/p>\n<p>Andreas Lundstedt, k\u00e4nd fr\u00e5n Alcazar, har sl\u00e4ppt en bok (med Cecilia Blankens) om sitt liv som hiv-positiv och hur destruktivt han reagerade p\u00e5 sjukdomsbeskedet. Det var mycket k\u00e4nslor och fick till och med h\u00f6ra lite acapellas\u00e5ng. Men tyv\u00e4rr hade Andreas ingen koll p\u00e5 tiden s\u00e5 det k\u00e4ndes som att minst h\u00e4ften av snacket var kvar n\u00e4r tiden tog slut. <\/p>\n<p>Precis som <a href=\"https:\/\/iminbokhylla.se\/?p=1661\">f\u00f6rra \u00e5ret<\/a> lyckades jag hamna framf\u00f6r en tidningsfotografs lins. Det blir l\u00e4tt s\u00e5 om man umg\u00e5s med min pappa. I \u00e5r tillh\u00f6rde kameran Aftonbladet.<\/p>\n<p><a href=\"http:\/\/www.flickr.com\/photos\/granding\/8044637794\/\" title=\"Pappa och jag p\u00e5 Bokm\u00e4ssan by Granding, on Flickr\"><img loading=\"lazy\" src=\"http:\/\/farm9.staticflickr.com\/8459\/8044637794_2e05cdcae0.jpg\" width=\"500\" height=\"374\" alt=\"Pappa och jag p\u00e5 Bokm\u00e4ssan\"><\/a><\/p>\n<p>S\u00e5 l\u00e4mnade vi m\u00e4ssan f\u00f6r i \u00e5r (hotell f\u00f6r 2013 redan bokat!) och efter en lyxlunch tog vi t\u00e5get hem till Stockholm. F\u00f6rseningar uppstod f\u00f6rst\u00e5s, men vi firade av m\u00e4ssan st\u00e5ndsm\u00e4ssigt med en glas r\u00f6dvin bistron. <\/p>\n","protected":false},"excerpt":{"rendered":"<p>S\u00f6ndagen kan sammanfattas med &#8221;bra seminarier, linslus, t\u00e5gkaos med avec&#8221;. Vi vaknade lite stressade, vi hade ju seminariekort och k\u00e4nde att vi inte alls utnyttjat dem som vi borde. S\u00e5 s\u00f6ndag blev seminariedag och vi lyssnade p\u00e5 Marcus Samuelsson hos DN, Fadersmord med Carina Bergfeldt, Hovjournalistik d\u00e5 och nu, Sj\u00f6vall Wahl\u00f6\u00f6 och Mitt positiva liv. &hellip; <a href=\"https:\/\/iminbokhylla.se\/?p=2999\" class=\"more-link\">Forts\u00e4tt l\u00e4sa<span class=\"screen-reader-text\"> \u201dBokm\u00e4ssan s\u00f6ndag: bra seminarier, linslus, t\u00e5gkaos med avec\u201d<\/span><\/a><\/p>\n","protected":false},"author":1,"featured_media":0,"comment_status":"open","ping_status":"open","sticky":false,"template":"","format":"standard","meta":[],"categories":[12],"tags":[9],"featured_image_src":null,"featured_image_src_square":null,"author_info":{"display_name":"Josefine","author_link":"https:\/\/iminbokhylla.se\/?author=1"},"_links":{"self":[{"href":"https:\/\/iminbokhylla.se\/index.php?rest_route=\/wp\/v2\/posts\/2999"}],"collection":[{"href":"https:\/\/iminbokhylla.se\/index.php?rest_route=\/wp\/v2\/posts"}],"about":[{"href":"https:\/\/iminbokhylla.se\/index.php?rest_route=\/wp\/v2\/types\/post"}],"author":[{"embeddable":true,"href":"https:\/\/iminbokhylla.se\/index.php?rest_route=\/wp\/v2\/users\/1"}],"replies":[{"embeddable":true,"href":"https:\/\/iminbokhylla.se\/index.php?rest_route=%2Fwp%2Fv2%2Fcomments&post=2999"}],"version-history":[{"count":0,"href":"https:\/\/iminbokhylla.se\/index.php?rest_route=\/wp\/v2\/posts\/2999\/revisions"}],"wp:attachment":[{"href":"https:\/\/iminbokhylla.se\/index.php?rest_route=%2Fwp%2Fv2%2Fmedia&parent=2999"}],"wp:term":[{"taxonomy":"category","embeddable":true,"href":"https:\/\/iminbokhylla.se\/index.php?rest_route=%2Fwp%2Fv2%2Fcategories&post=2999"},{"taxonomy":"post_tag","embeddable":true,"href":"https:\/\/iminbokhylla.se\/index.php?rest_route=%2Fwp%2Fv2%2Ftags&post=2999"}],"curies":[{"name":"wp","href":"https:\/\/api.w.org\/{rel}","templated":true}]}}